{"id":30136,"date":"2024-05-03T11:09:10","date_gmt":"2024-05-03T09:09:10","guid":{"rendered":"https:\/\/bisbalpenedes.com\/web\/?p=30136"},"modified":"2024-05-03T11:09:10","modified_gmt":"2024-05-03T09:09:10","slug":"lajuntament-de-la-bisbal-del-penedes-posa-en-marxa-la-7a-auditoria-ciutadana","status":"publish","type":"post","link":"https:\/\/bisbalpenedes.com\/web\/2024\/05\/03\/lajuntament-de-la-bisbal-del-penedes-posa-en-marxa-la-7a-auditoria-ciutadana\/","title":{"rendered":"<strong>L&#8217;Ajuntament de la Bisbal del Pened\u00e8s posa en marxa la 7a Auditoria Ciutadana<\/strong>"},"content":{"rendered":"\n<p>La Junta de Govern del 30 d&#8217;abril ha seleccionat, mitjan\u00e7at sorteig, a 10 persones majors de 18 anys i censades a la Bisbal del Pened\u00e8s perqu\u00e8 formin part de l&#8217;Auditoria Ciutadana de forma volunt\u00e0ria. Properament, quan estigui preparada tota la documentaci\u00f3 de la Comissi\u00f3 de Comptes de l&#8217;any 2023, l&#8217;alcaldessa les convocar\u00e0 a una reuni\u00f3.<\/p>\n\n\n\n<p>L&#8217;Auditoria Ciutadana, tal com estableix el Reglament d&#8217;Organitzaci\u00f3 Municipal (ROM<em>): &#8220;\u00e9s un \u00f2rgan col\u00b7legiat. L&#8217;objectiu \u00e9s acostar els comptes municipals a la ciutadania. En la Junta de Govern Local anterior a la convocat\u00f2ria de la Comissi\u00f3 de comptes, es triaran aleat\u00f2riament -pel cens- 10 persones majors d&#8217;edat que participaran com a convidats, de manera volunt\u00e0ria i com a oients, de la Comissi\u00f3 de Comptes (consultar factures, comptabilitat&#8230;). Aquestes 10 persones rebran la notificaci\u00f3 de la Junta de Govern local conforme se les convida a participar-hi. En la mateixa notificaci\u00f3 se les citar\u00e0 a l&#8217;Ajuntament i rebran una explicaci\u00f3 del funcionament de la comissi\u00f3 de comptes. Podran consultar la documentaci\u00f3 de la comissi\u00f3 de comptes dins el termini dels 15 dies i assistir com a oients de la Comissi\u00f3 de Comptes&#8221;.<\/em><\/p>\n\n\n\n<p>Les deu persones assistiran tamb\u00e9, com s&#8217;especifica al ROM, a la Comissi\u00f3 de Comptes del pressupost de l&#8217;any 2023. Hi assistiran com a oients, \u00e9s a dir, podran assistir a la Comissi\u00f3, per\u00f2 sense veu ni vot.<\/p>\n\n\n\n<hr class=\"wp-block-separator has-alpha-channel-opacity\"\/>\n\n\n\n<p>CASTELLANO | La Junta de Gobierno del 30 de abril ha seleccionado, mediante sorteo, a 10 personas mayores de 18 a\u00f1os y censadas en la Bisbal del Pened\u00e8s para que formen parte de la Auditoria Ciudadana de forma voluntaria. Pr\u00f3ximamente, cuando est\u00e9 preparada toda la documentaci\u00f3n de la Comisi\u00f3n de Cuentas del a\u00f1o 2023, la alcaldesa los convocar\u00e1 a una reuni\u00f3n.<\/p>\n\n\n\n<p>La Auditor\u00eda Ciudadana, tal como establece el Reglamento de Organizaci\u00f3n Municipal (ROM): <em>&#8220;es un \u00f3rgano colegiado. El objetivo es acercar las cuentas municipales a la ciudadan\u00eda. En la Junta de Gobierno Local anterior a la convocatoria de la Comisi\u00f3n de cuentas, se elegir\u00e1n aleatoriamente -por el censo- 10 personas mayores de edad que participar\u00e1n como invitados, de forma voluntaria y como oyentes, en la Comisi\u00f3n de Cuentas (consultar facturas, contabilidad&#8230;). Estas 10 personas recibir\u00e1n la notificaci\u00f3n de la Junta de Gobierno local conforme se las invita a participar. En la misma notificaci\u00f3n se las citar\u00e1 en el Ajuntament y recibir\u00e1n una explicaci\u00f3n del funcionamiento de la comisi\u00f3n de cuentas. Podr\u00e1n consultar la documentaci\u00f3n de la comisi\u00f3n de cuentas dentro del plazo de los 15 d\u00edas y asistir como oyentes en la Comisi\u00f3n de Cuentas&#8221;.<\/em><\/p>\n\n\n\n<p>Las diez personas asistir\u00e1n tambi\u00e9n, como se especifica en el ROM, en la Comisi\u00f3n de Cuentas del presupuesto del a\u00f1o 2023. Asistir\u00e1n como oyentes, es decir, podr\u00e1n asistir a la Comisi\u00f3n, pero sin voz ni voto.<\/p>\n\n\n\n<p><\/p>\n","protected":false},"excerpt":{"rendered":"<p>La Junta de Govern del 30 d&#8217;abril ha seleccionat, mitjan\u00e7at sorteig, a 10 persones majors de 18 anys i censades a la Bisbal del Pened\u00e8s perqu\u00e8 formin part de l&#8217;Auditoria &hellip; <a href=\"https:\/\/bisbalpenedes.com\/web\/2024\/05\/03\/lajuntament-de-la-bisbal-del-penedes-posa-en-marxa-la-7a-auditoria-ciutadana\/\" class=\"more-link\">Read More<\/a><\/p>\n","protected":false},"author":4,"featured_media":30138,"comment_status":"closed","ping_status":"closed","sticky":false,"template":"","format":"standard","meta":[],"categories":[3835,8],"tags":[2074,2077,2075,393,1374],"_links":{"self":[{"href":"https:\/\/bisbalpenedes.com\/web\/wp-json\/wp\/v2\/posts\/30136"}],"collection":[{"href":"https:\/\/bisbalpenedes.com\/web\/wp-json\/wp\/v2\/posts"}],"about":[{"href":"https:\/\/bisbalpenedes.com\/web\/wp-json\/wp\/v2\/types\/post"}],"author":[{"embeddable":true,"href":"https:\/\/bisbalpenedes.com\/web\/wp-json\/wp\/v2\/users\/4"}],"replies":[{"embeddable":true,"href":"https:\/\/bisbalpenedes.com\/web\/wp-json\/wp\/v2\/comments?post=30136"}],"version-history":[{"count":1,"href":"https:\/\/bisbalpenedes.com\/web\/wp-json\/wp\/v2\/posts\/30136\/revisions"}],"predecessor-version":[{"id":30139,"href":"https:\/\/bisbalpenedes.com\/web\/wp-json\/wp\/v2\/posts\/30136\/revisions\/30139"}],"wp:featuredmedia":[{"embeddable":true,"href":"https:\/\/bisbalpenedes.com\/web\/wp-json\/wp\/v2\/media\/30138"}],"wp:attachment":[{"href":"https:\/\/bisbalpenedes.com\/web\/wp-json\/wp\/v2\/media?parent=30136"}],"wp:term":[{"taxonomy":"category","embeddable":true,"href":"https:\/\/bisbalpenedes.com\/web\/wp-json\/wp\/v2\/categories?post=30136"},{"taxonomy":"post_tag","embeddable":true,"href":"https:\/\/bisbalpenedes.com\/web\/wp-json\/wp\/v2\/tags?post=30136"}],"curies":[{"name":"wp","href":"https:\/\/api.w.org\/{rel}","templated":true}]}}