{"id":30130,"date":"2023-10-23T10:49:00","date_gmt":"2023-10-23T08:49:00","guid":{"rendered":"https:\/\/bisbalpenedes.com\/web\/?p=30130"},"modified":"2024-11-29T10:47:08","modified_gmt":"2024-11-29T08:47:08","slug":"lajuntament-fara-noves-franges-forestals-a-la-pineda-de-santa-cristina-i-dura-a-terme-el-manteniment-de-les-de-lesplai-i-can-gordei-properament","status":"publish","type":"post","link":"https:\/\/bisbalpenedes.com\/web\/2023\/10\/23\/lajuntament-fara-noves-franges-forestals-a-la-pineda-de-santa-cristina-i-dura-a-terme-el-manteniment-de-les-de-lesplai-i-can-gordei-properament\/","title":{"rendered":"<strong>L&#8217;Ajuntament far\u00e0 noves franges forestals a la Pineda de Santa Cristina i dur\u00e0 a terme el manteniment de les de l&#8217;Esplai i Can Gordei properament<\/strong>"},"content":{"rendered":"\n<p>La Junta de Govern del 30 d&#8217;abril va aprovar, a petici\u00f3 de les regidories de Barris i Medi Ambient, iniciar l&#8217;expedient de licitaci\u00f3 de noves franges forestals a la Pineda de Santa Cristina i de manteniment de les franges forestals de l&#8217;Esplai i Can Gordei, per un total de 55.715,66\u20ac (IVA incl\u00f2s). Durant el mes de maig, s&#8217;aprovar\u00e0 la licitaci\u00f3 i el temps m\u00e0xim d&#8217;execuci\u00f3 es preveu en 2 mesos* i compta amb una subvenci\u00f3 de 19.866\u20ac de la Diputaci\u00f3 de Tarragona.<\/p>\n\n\n\n<p>A la Pineda de Santa Cristina s&#8217;obrir\u00e0 una franja de 2,16 hect\u00e0rees a la zona de l&#8217;ermita (carrers Garrotxa i Empord\u00e0) i una de 5,91 hect\u00e0rees a l&#8217;altra zona de Santa Cristina (carrers Segarra, Solson\u00e8s, Anoia, Vall\u00e8s, Baix Ebre i Alt Camp). Els treballs consistiran en alliberar de vegetaci\u00f3 seca, en vint-i-cinc metres d&#8217;amplada, aclarint la masa arb\u00f2ria: es reduir\u00e0 la densitat de l&#8217;arbrat i l&#8217;estassada del sotabosc; es talaran els arbres que estiguin torts, secs o malalts i la resta s&#8217;aclariran complint les densitats i dist\u00e0ncies establertes per normativa; es far\u00e0 poda inferior d&#8217;aquells arbres que no es talin i dels arbustos d&#8217;al\u00e7ada superior a 3 metres; s&#8217;estrassar\u00e0 i triturar\u00e0 el sotabosc.<\/p>\n\n\n\n<p>Les franges a mantenir s\u00f3n la de l&#8217;Esplai (amb 7,52 hect\u00e0rees) i la franja nord-oest de Can Gordei (de 6,8 hect\u00e0rees).<\/p>\n\n\n\n<p>L&#8217;article 4 de la Llei 5\/2003 de mesures de prevenci\u00f3 dels incendis forestals en les urbanitzacions sense continu\u00eftat immediata amb la trama urbana, estableix que la obligaci\u00f3 de fer i mantenir les franges forestals correspon a la comunitat de propietaris o entitat urban\u00edstica corresponent. Si no s&#8217;han fet, l&#8217;obligaci\u00f3 passa als propietaris. Si els propietaris no fan i no mantenen les franges forestals, \u00e9s el municipi qui ho ha de fer.<\/p>\n\n\n\n<p>A la Bisbal del Pened\u00e8s s&#8217;han fet les seg\u00fcents franges forestals:<\/p>\n\n\n\n<ul><li>Entre el 2003 i el 2006: es van obrir entre un 70-75% de les franges forestals a totes les urbanitzacions.<\/li><li>Els anys 2017 i 2018: el 90% de la franja de l&#8217;Esplai i una part de la franja oest de Can Gordei (que limita amb el barranc del Quadrell).<\/li><li>El 2022 es va finalitzar la resta de la franja forestal de Can Gordei.<br><br><sup><em>*Imatge d&#8217;arxiu dels treballs en la franja forestal de Can Gordei.<\/em><\/sup><\/li><\/ul>\n\n\n\n<figure class=\"wp-block-image size-full is-resized\"><img loading=\"lazy\" src=\"https:\/\/bisbalpenedes.com\/web\/wp-content\/uploads\/2024\/11\/diputacio_tarrafona_DIPTA_H_bn.png\" alt=\"\" class=\"wp-image-32443\" width=\"195\" height=\"51\" srcset=\"https:\/\/bisbalpenedes.com\/web\/wp-content\/uploads\/2024\/11\/diputacio_tarrafona_DIPTA_H_bn.png 778w, https:\/\/bisbalpenedes.com\/web\/wp-content\/uploads\/2024\/11\/diputacio_tarrafona_DIPTA_H_bn-300x78.png 300w, https:\/\/bisbalpenedes.com\/web\/wp-content\/uploads\/2024\/11\/diputacio_tarrafona_DIPTA_H_bn-768x200.png 768w, https:\/\/bisbalpenedes.com\/web\/wp-content\/uploads\/2024\/11\/diputacio_tarrafona_DIPTA_H_bn-765x203.png 765w, https:\/\/bisbalpenedes.com\/web\/wp-content\/uploads\/2024\/11\/diputacio_tarrafona_DIPTA_H_bn-600x157.png 600w\" sizes=\"(max-width: 195px) 100vw, 195px\" \/><\/figure>\n\n\n\n<hr class=\"wp-block-separator has-alpha-channel-opacity\"\/>\n\n\n\n<p><strong>CASTELLANO |<\/strong> La Junta de Gobierno del 30 de abril aprob\u00f3, a petici\u00f3n de las concejal\u00edas de Barrios y Medio Ambiente, iniciar el expediente de licitaci\u00f3n de nuevas franjas forestales en la Pineda de Santa Cristina y de mantenimiento de las franjas forestales de L&#8217;Esplai y Can Gordei, por un total de 55.715,66\u20ac (IVA incluido). Durante el mes de mayo, se aprobar\u00e1 la licitaci\u00f3n y el tiempo m\u00e1ximo de ejecuci\u00f3n se prev\u00e9 en 2 meses* y cuenta con una subvenci\u00f3n de 19.866\u20ac de la Diputaci\u00f3 de Tarragona.<\/p>\n\n\n\n<p>En la Pineda de Santa Cristina se abrir\u00e1 una franja de 2,16 hect\u00e1reas en la zona de la ermita (calles Garrotxa y Empord\u00e0) y una de 5,91 hect\u00e1reas en la otra zona de Santa Cristina (calles Segarra, Solson\u00e8s, Anoia, Vall\u00e8s, Baix Ebre y Alt Camp). Los trabajos consistir\u00e1n en liberar de vegetaci\u00f3n seca, en veinticinco metros de ancho, aclarando la masa arb\u00f3rea: se reducir\u00e1 la densidad del arbolado y el desbroce del sotobosque; se talar\u00e1n los \u00e1rboles que est\u00e9n torcidos, secos o enfermos y el resto se aclarar\u00e1n cumpliendo las densidades y distancias establecidas por normativa; se har\u00e1 poda inferior de aquellos \u00e1rboles que no se talen y de los arbustos de altura superior a 3 metros; se desbrozar\u00e1 y triturar\u00e1 el sotobosque.<\/p>\n\n\n\n<p>Las franjas a mantener son la de l&#8217;Esplai (con 7,52 hect\u00e1reas) y la franja noroeste de Can Gordei (de 6,8 hect\u00e1reas).<\/p>\n\n\n\n<p>El art\u00edculo 4 de la Ley 5\/2003 de medidas de prevenci\u00f3n de los incendios forestales en las urbanizaciones sin continuidad inmediata con la trama urbana, establece que la obligaci\u00f3n de hacer y mantener las franjas forestales corresponde a la comunidad de propietarios o entidad urban\u00edstica correspondiente. Si no se han hecho, la obligaci\u00f3n pasa a los propietarios. Si los propietarios no hacen y no mantienen las franjas forestales, es el municipio qui\u00e9n lo tiene que hacer.<\/p>\n\n\n\n<p>En la Bisbal del Pened\u00e8s se han hecho las siguientes franjas forestales:<\/p>\n\n\n\n<ul><li>Entre el 2003 y el 2006: se abrieron entre un 70-75% de las franjas forestales a todas las urbanizaciones.<\/li><li>Los a\u00f1os 2017 y 2018: el 90% de la franja de l&#8217;Esplai y una parte de la franja oeste de Can Gordei (que limita con el barranco del Quadrell).<\/li><li>El 2022 se finaliz\u00f3 el resto de la franja forestal de Can Gordei.<\/li><\/ul>\n\n\n\n<p class=\"has-cyan-bluish-gray-color has-text-color\"><sub><em>*Sempre que no hi hagi modificacions per part de les indicacions de risc d&#8217;incendi del Departament d&#8217;Interior i Protecci\u00f3 Civil\/Siempre que no haya modificaciones por parte de las indicaciones de riesgo de incendio del Departament d&#8217;Interior i Protecci\u00f3 Civil.<\/em><\/sub><\/p>\n\n\n\n<p><\/p>\n","protected":false},"excerpt":{"rendered":"<p>La Junta de Govern del 30 d&#8217;abril va aprovar, a petici\u00f3 de les regidories de Barris i Medi Ambient, iniciar l&#8217;expedient de licitaci\u00f3 de noves franges forestals a la Pineda &hellip; <a href=\"https:\/\/bisbalpenedes.com\/web\/2023\/10\/23\/lajuntament-fara-noves-franges-forestals-a-la-pineda-de-santa-cristina-i-dura-a-terme-el-manteniment-de-les-de-lesplai-i-can-gordei-properament\/\" class=\"more-link\">Read More<\/a><\/p>\n","protected":false},"author":4,"featured_media":30131,"comment_status":"closed","ping_status":"closed","sticky":false,"template":"","format":"standard","meta":[],"categories":[4287,32,8],"tags":[198,5020,393],"_links":{"self":[{"href":"https:\/\/bisbalpenedes.com\/web\/wp-json\/wp\/v2\/posts\/30130"}],"collection":[{"href":"https:\/\/bisbalpenedes.com\/web\/wp-json\/wp\/v2\/posts"}],"about":[{"href":"https:\/\/bisbalpenedes.com\/web\/wp-json\/wp\/v2\/types\/post"}],"author":[{"embeddable":true,"href":"https:\/\/bisbalpenedes.com\/web\/wp-json\/wp\/v2\/users\/4"}],"replies":[{"embeddable":true,"href":"https:\/\/bisbalpenedes.com\/web\/wp-json\/wp\/v2\/comments?post=30130"}],"version-history":[{"count":6,"href":"https:\/\/bisbalpenedes.com\/web\/wp-json\/wp\/v2\/posts\/30130\/revisions"}],"predecessor-version":[{"id":32446,"href":"https:\/\/bisbalpenedes.com\/web\/wp-json\/wp\/v2\/posts\/30130\/revisions\/32446"}],"wp:featuredmedia":[{"embeddable":true,"href":"https:\/\/bisbalpenedes.com\/web\/wp-json\/wp\/v2\/media\/30131"}],"wp:attachment":[{"href":"https:\/\/bisbalpenedes.com\/web\/wp-json\/wp\/v2\/media?parent=30130"}],"wp:term":[{"taxonomy":"category","embeddable":true,"href":"https:\/\/bisbalpenedes.com\/web\/wp-json\/wp\/v2\/categories?post=30130"},{"taxonomy":"post_tag","embeddable":true,"href":"https:\/\/bisbalpenedes.com\/web\/wp-json\/wp\/v2\/tags?post=30130"}],"curies":[{"name":"wp","href":"https:\/\/api.w.org\/{rel}","templated":true}]}}