{"id":30123,"date":"2024-05-03T10:06:12","date_gmt":"2024-05-03T08:06:12","guid":{"rendered":"https:\/\/bisbalpenedes.com\/web\/?p=30123"},"modified":"2024-05-03T10:42:32","modified_gmt":"2024-05-03T08:42:32","slug":"la-colla-joves-xiquets-de-valls-fara-la-caminada-de-la-ruta-del-roser-aquest-dissabte-i-sobre-les-1130h-fara-aturada-a-la-casa-de-la-vila","status":"publish","type":"post","link":"https:\/\/bisbalpenedes.com\/web\/2024\/05\/03\/la-colla-joves-xiquets-de-valls-fara-la-caminada-de-la-ruta-del-roser-aquest-dissabte-i-sobre-les-1130h-fara-aturada-a-la-casa-de-la-vila\/","title":{"rendered":"La Colla Joves Xiquets de Valls far\u00e0 la caminada de &#8216;La Ruta del Roser&#8217; aquest dissabte i vora les 11:30h far\u00e0 aturada a La Casa de la Vila"},"content":{"rendered":"\n<p>La Colla Joves Xiquets de Valls du a terme, un any m\u00e9s, la caminada de Valls a Vilafranca del Pened\u00e8s, sota el nom de La Ruta del Roser. El dissabte 4 de maig, la Joves far\u00e0 aquesta sortida i, vora les 11:30h, far\u00e0 aturada a la Bisbal del Pened\u00e8s, on l\u2019Ajuntament li far\u00e0 una benvinguda i li oferir\u00e0 un esmorzar perqu\u00e8 el grup d\u2019excursionistes agafi for\u00e7a per continuar el cam\u00ed fins a Vilafranca.<br><br>La caminada \u00e9s un homenatge als avantpassats castellers que al llarg del segle XIX anaven a peu i amb carro a Vilafranca a fer castells, no nom\u00e9s per Sant F\u00e8lix sin\u00f3 que tamb\u00e9 per les festes que organitzava la Confraria de la Mare de D\u00e9u del Roser el primer diumenge de maig.\u00a0<\/p>\n\n\n\n<p>La regidora de Cultura, Judith Vidal, ha explicat que <em>\u201cper a nosaltres \u00e9s un honor que, un any m\u00e9s, la colla faci aturada a la Bisbal. Tenim molt bona relaci\u00f3 amb les colles que participen en la nostra diada de la Mare de D\u00e9u d\u2019agost i ens fa molta il\u00b7lusi\u00f3 poder fer m\u00e9s lligams amb les colles, m\u00e9s enll\u00e0 de la diada castellera del 15 d\u2019agost\u201d.<\/em><\/p>\n\n\n\n<p><sub>*Imatge d&#8217;arxiu<\/sub><\/p>\n\n\n\n<hr class=\"wp-block-separator has-alpha-channel-opacity\"\/>\n\n\n\n<p><strong>CASTELLANO | <\/strong>La Colla Joves Xiquets de Valls lleva a cabo, un a\u00f1o m\u00e1s, la caminata de Valls a Vilafranca del Pened\u00e8s, bajo el nombre de La Ruta del Roser. El s\u00e1bado 4 de mayo, la Joves har\u00e1 esta salida y, sobre las 11:30h, parar\u00e1 en la Bisbal del Pened\u00e8s, donde el Ajuntament le har\u00e1 una bienvenida y le ofrecer\u00e1 un tentempi\u00e9 para que el grupo de excursionistas coja fuerza para continuar el camino hasta Vilafranca.<br>La caminata es un homenaje a los antepasados \u2018castellers\u2019 que a lo largo del siglo XIX iban a pie y con carro a Vilafranca a hacer castillos, no solamente por Sant F\u00e8lix sino tambi\u00e9n para las fiestas que organizaba la Confrar\u00eda de la Mare de D\u00e9u del Roser el primer domingo de mayo.<\/p>\n\n\n\n<p>La concejal\u00eda de Cultura, Judith Vidal, ha explicado que <em>\u201cpara nosotras es un honor que, un a\u00f1o m\u00e1s, la colla haga una parada en la Bisbal. Tenemos muy buena relaci\u00f3n con las \u2018colles\u2019 que participan en nuestra diada de la Mare de D\u00e9u d\u2019agost y nos hace mucha ilusi\u00f3n poder hacer m\u00e1s v\u00ednculos con las \u2018colles\u2019, m\u00e1s all\u00e1 de la diada castellera del 15 de agosto\u201d.<\/em><\/p>\n","protected":false},"excerpt":{"rendered":"<p>La Colla Joves Xiquets de Valls du a terme, un any m\u00e9s, la caminada de Valls a Vilafranca del Pened\u00e8s, sota el nom de La Ruta del Roser. El dissabte &hellip; <a href=\"https:\/\/bisbalpenedes.com\/web\/2024\/05\/03\/la-colla-joves-xiquets-de-valls-fara-la-caminada-de-la-ruta-del-roser-aquest-dissabte-i-sobre-les-1130h-fara-aturada-a-la-casa-de-la-vila\/\" class=\"more-link\">Read More<\/a><\/p>\n","protected":false},"author":4,"featured_media":30124,"comment_status":"closed","ping_status":"closed","sticky":false,"template":"","format":"standard","meta":[],"categories":[2942,13,8],"tags":[459,377,667,1720,393,1374],"_links":{"self":[{"href":"https:\/\/bisbalpenedes.com\/web\/wp-json\/wp\/v2\/posts\/30123"}],"collection":[{"href":"https:\/\/bisbalpenedes.com\/web\/wp-json\/wp\/v2\/posts"}],"about":[{"href":"https:\/\/bisbalpenedes.com\/web\/wp-json\/wp\/v2\/types\/post"}],"author":[{"embeddable":true,"href":"https:\/\/bisbalpenedes.com\/web\/wp-json\/wp\/v2\/users\/4"}],"replies":[{"embeddable":true,"href":"https:\/\/bisbalpenedes.com\/web\/wp-json\/wp\/v2\/comments?post=30123"}],"version-history":[{"count":3,"href":"https:\/\/bisbalpenedes.com\/web\/wp-json\/wp\/v2\/posts\/30123\/revisions"}],"predecessor-version":[{"id":30127,"href":"https:\/\/bisbalpenedes.com\/web\/wp-json\/wp\/v2\/posts\/30123\/revisions\/30127"}],"wp:featuredmedia":[{"embeddable":true,"href":"https:\/\/bisbalpenedes.com\/web\/wp-json\/wp\/v2\/media\/30124"}],"wp:attachment":[{"href":"https:\/\/bisbalpenedes.com\/web\/wp-json\/wp\/v2\/media?parent=30123"}],"wp:term":[{"taxonomy":"category","embeddable":true,"href":"https:\/\/bisbalpenedes.com\/web\/wp-json\/wp\/v2\/categories?post=30123"},{"taxonomy":"post_tag","embeddable":true,"href":"https:\/\/bisbalpenedes.com\/web\/wp-json\/wp\/v2\/tags?post=30123"}],"curies":[{"name":"wp","href":"https:\/\/api.w.org\/{rel}","templated":true}]}}