{"id":30059,"date":"2024-04-30T11:13:23","date_gmt":"2024-04-30T09:13:23","guid":{"rendered":"https:\/\/bisbalpenedes.com\/web\/?p=30059"},"modified":"2024-04-30T11:13:23","modified_gmt":"2024-04-30T09:13:23","slug":"el-dilluns-6-de-maig-la-biblioteca-acollira-una-conferencia-sobre-turandot-de-puccini","status":"publish","type":"post","link":"https:\/\/bisbalpenedes.com\/web\/2024\/04\/30\/el-dilluns-6-de-maig-la-biblioteca-acollira-una-conferencia-sobre-turandot-de-puccini\/","title":{"rendered":"El dilluns 6 de maig la biblioteca acollir\u00e0 una confer\u00e8ncia sobre Turandot de Puccini"},"content":{"rendered":"\n<p>El pr\u00f2xim dilluns 6 de maig, a les 18.15h, la biblioteca acollir\u00e0 la confer\u00e8ncia-audici\u00f3 sobre Turandot de Giacomo Puccini, a c\u00e0rrec d&#8217;Albert Ferrer, historiador de l&#8217;art i music\u00f2graf, per tal de continuar commemorant el centenari de la mort de Puccini.<br>Turandot va ser la darrera \u00f2pera composta per Puccini i, si us ve de gust, la podreu gaudir\u00a0<a rel=\"noreferrer noopener\" href=\"https:\/\/www.teatresdereus.cat\/programacio\/turandot\" target=\"_blank\">el dimarts 14 de maig a Reus.<\/a>\u00a0Estrenada p\u00f2stumament, el 1926, est\u00e0 ambientada en una Xina llegend\u00e0ria, amb una hist\u00f2ria enigm\u00e0tica servida per una m\u00fasica majestuosa i espectacular que inclou una de les \u00e0ries m\u00e9s conegudes del m\u00f3n oper\u00edstic, &#8220;Nessun dorma&#8221;.<\/p>\n\n\n\n<hr class=\"wp-block-separator has-alpha-channel-opacity\"\/>\n\n\n\n<p><strong>CASTELLANO | <\/strong>El pr\u00f3ximo lunes 6 de mayo, a las 18.15h, la biblioteca acoger\u00e1 la conferencia-audici\u00f3n sobre Turandot de Giacomo Puccini, a cargo de Albert Ferrer, historiador del arte y music\u00f3grafo, con tal de continuar conmemorando el centenario de la muerte de Puccini.<\/p>\n\n\n\n<p>Turandot fue la \u00faltima \u00f3pera compuesta por Puccini y, si os apetece, la podr\u00e9is disfrutar&nbsp;<a href=\"https:\/\/www.teatresdereus.cat\/programacio\/turandot\" target=\"_blank\" rel=\"noreferrer noopener\">el martes 14 de mayo en Reus<\/a>. Estrenada p\u00f3stumamente, el 1926, est\u00e1 ambientada en una China legendaria, con una historia enigm\u00e1tica servida por una m\u00fasica majestuosa y espectacular que incluye una de las arias m\u00e1s conocidas del mundo oper\u00edstico, &#8220;Nessun dorma&#8221;.<\/p>\n","protected":false},"excerpt":{"rendered":"<p>El pr\u00f2xim dilluns 6 de maig, a les 18.15h, la biblioteca acollir\u00e0 la confer\u00e8ncia-audici\u00f3 sobre Turandot de Giacomo Puccini, a c\u00e0rrec d&#8217;Albert Ferrer, historiador de l&#8217;art i music\u00f2graf, per tal &hellip; <a href=\"https:\/\/bisbalpenedes.com\/web\/2024\/04\/30\/el-dilluns-6-de-maig-la-biblioteca-acollira-una-conferencia-sobre-turandot-de-puccini\/\" class=\"more-link\">Read More<\/a><\/p>\n","protected":false},"author":4,"featured_media":30060,"comment_status":"closed","ping_status":"closed","sticky":false,"template":"","format":"standard","meta":[],"categories":[2942,13,8],"tags":[459,180,393,1374,3094],"_links":{"self":[{"href":"https:\/\/bisbalpenedes.com\/web\/wp-json\/wp\/v2\/posts\/30059"}],"collection":[{"href":"https:\/\/bisbalpenedes.com\/web\/wp-json\/wp\/v2\/posts"}],"about":[{"href":"https:\/\/bisbalpenedes.com\/web\/wp-json\/wp\/v2\/types\/post"}],"author":[{"embeddable":true,"href":"https:\/\/bisbalpenedes.com\/web\/wp-json\/wp\/v2\/users\/4"}],"replies":[{"embeddable":true,"href":"https:\/\/bisbalpenedes.com\/web\/wp-json\/wp\/v2\/comments?post=30059"}],"version-history":[{"count":1,"href":"https:\/\/bisbalpenedes.com\/web\/wp-json\/wp\/v2\/posts\/30059\/revisions"}],"predecessor-version":[{"id":30061,"href":"https:\/\/bisbalpenedes.com\/web\/wp-json\/wp\/v2\/posts\/30059\/revisions\/30061"}],"wp:featuredmedia":[{"embeddable":true,"href":"https:\/\/bisbalpenedes.com\/web\/wp-json\/wp\/v2\/media\/30060"}],"wp:attachment":[{"href":"https:\/\/bisbalpenedes.com\/web\/wp-json\/wp\/v2\/media?parent=30059"}],"wp:term":[{"taxonomy":"category","embeddable":true,"href":"https:\/\/bisbalpenedes.com\/web\/wp-json\/wp\/v2\/categories?post=30059"},{"taxonomy":"post_tag","embeddable":true,"href":"https:\/\/bisbalpenedes.com\/web\/wp-json\/wp\/v2\/tags?post=30059"}],"curies":[{"name":"wp","href":"https:\/\/api.w.org\/{rel}","templated":true}]}}