{"id":30042,"date":"2024-04-26T20:26:10","date_gmt":"2024-04-26T18:26:10","guid":{"rendered":"https:\/\/bisbalpenedes.com\/web\/?p=30042"},"modified":"2024-04-26T20:26:10","modified_gmt":"2024-04-26T18:26:10","slug":"el-som-bisbal-ha-estat-present-en-la-7a-edicio-de-la-fira-docupacio-del-baix-penedes","status":"publish","type":"post","link":"https:\/\/bisbalpenedes.com\/web\/2024\/04\/26\/el-som-bisbal-ha-estat-present-en-la-7a-edicio-de-la-fira-docupacio-del-baix-penedes\/","title":{"rendered":"<strong>El SOM Bisbal ha estat present en la 7a edici\u00f3 de la Fira d\u2019Ocupaci\u00f3 del Baix Pened\u00e8s<\/strong>"},"content":{"rendered":"\n<p>El Centre C\u00edvic Montse Civit de Calafell ha acollit, aquest dijous 25 d\u2019abril, la 7a Fira d\u2019Ocupaci\u00f3 del Baix Pened\u00e8s. Es tracta d\u2019un espai que serveix per posar en contacte les empreses que necessiten contractar personal amb aquelles persones que busquen feina o volen canviar la que ja tenen.<\/p>\n\n\n\n<p>La trobada ha comptat amb diversos tallers per posar en joc l\u2019estrat\u00e8gia, la comunicaci\u00f3, l\u2019empatia, l\u2019escolta i l\u2019assertivitat de les persones aix\u00ed com altres aptituds, com ara la l\u00f2gica, l\u2019enginy, la deducci\u00f3 o l\u2019observaci\u00f3 per a resoldre reptes. Hi ha participat 44 empreses i prop d\u2019un miler de persones participants, que faran entrevistes per cobrir 400 llocs de treball a la comarca, segons les dades publicades per l\u2019Ajuntament de Calafell. El SOM Bisbal tamb\u00e9 hi ha estat present per potenciar l\u2019ocupaci\u00f3 i la feina al municipi i per assessorar i donar suport a aquelles persones que cerquen feina, fent-les coneixedores dels serveis que oferim des de la Bisbal del Pened\u00e8s.<\/p>\n\n\n\n<p>Els responsables d\u2019inaugurar la Fira han estat el president del Consell Comarcal del Baix Pened\u00e8s i alcalde de Calafell, Ramon Ferr\u00e9; i la presidenta de la Cambra de Comer\u00e7 de Tarragona, Laura Roig\u00e9. De la Bisbal del Pened\u00e8s hi han assistit l&#8217;alcaldessa, Agn\u00e8s Ferr\u00e9; la primera tinenta d&#8217;alcaldia, Judith Vidal; i la t\u00e8cnica d&#8217;Ocupaci\u00f3, Arantzazu Longares.<\/p>\n\n\n\n<figure class=\"wp-block-image size-large\"><img loading=\"lazy\" width=\"1024\" height=\"768\" src=\"https:\/\/bisbalpenedes.com\/web\/wp-content\/uploads\/2024\/04\/IMG-20240425-WA0017-1024x768.jpg\" alt=\"\" class=\"wp-image-30045\" srcset=\"https:\/\/bisbalpenedes.com\/web\/wp-content\/uploads\/2024\/04\/IMG-20240425-WA0017-1024x768.jpg 1024w, https:\/\/bisbalpenedes.com\/web\/wp-content\/uploads\/2024\/04\/IMG-20240425-WA0017-300x225.jpg 300w, https:\/\/bisbalpenedes.com\/web\/wp-content\/uploads\/2024\/04\/IMG-20240425-WA0017-768x576.jpg 768w, https:\/\/bisbalpenedes.com\/web\/wp-content\/uploads\/2024\/04\/IMG-20240425-WA0017-1536x1152.jpg 1536w, https:\/\/bisbalpenedes.com\/web\/wp-content\/uploads\/2024\/04\/IMG-20240425-WA0017-600x450.jpg 600w, https:\/\/bisbalpenedes.com\/web\/wp-content\/uploads\/2024\/04\/IMG-20240425-WA0017.jpg 1600w\" sizes=\"(max-width: 1024px) 100vw, 1024px\" \/><\/figure>\n\n\n\n<figure class=\"wp-block-image size-large\"><img loading=\"lazy\" width=\"768\" height=\"1024\" src=\"https:\/\/bisbalpenedes.com\/web\/wp-content\/uploads\/2024\/04\/IMG-20240425-WA0016-768x1024.jpg\" alt=\"\" class=\"wp-image-30046\" srcset=\"https:\/\/bisbalpenedes.com\/web\/wp-content\/uploads\/2024\/04\/IMG-20240425-WA0016-768x1024.jpg 768w, https:\/\/bisbalpenedes.com\/web\/wp-content\/uploads\/2024\/04\/IMG-20240425-WA0016-225x300.jpg 225w, https:\/\/bisbalpenedes.com\/web\/wp-content\/uploads\/2024\/04\/IMG-20240425-WA0016-1152x1536.jpg 1152w, https:\/\/bisbalpenedes.com\/web\/wp-content\/uploads\/2024\/04\/IMG-20240425-WA0016-600x800.jpg 600w, https:\/\/bisbalpenedes.com\/web\/wp-content\/uploads\/2024\/04\/IMG-20240425-WA0016.jpg 1200w\" sizes=\"(max-width: 768px) 100vw, 768px\" \/><\/figure>\n\n\n\n<hr class=\"wp-block-separator has-alpha-channel-opacity\"\/>\n\n\n\n<p><strong>CASTELLANO |<\/strong> El Centre C\u00edvil Montse Civit de Calafell ha acogido, este jueves 25 de abril, la 7\u00aa Fira d\u2019Ocupaci\u00f3 del Baix Pened\u00e8s. Se trata de un espacio que sirve para poner en contacto a las empresas que necesitan contratar personal con aquellas personas que buscan trabajo o quieren cambiar el que ya tienen.<\/p>\n\n\n\n<p>El encuentro, ha contado con varios talleres para poner en juego la estrategia, la comunicaci\u00f3n, la empat\u00eda, la escucha y la asertividad de las personas as\u00ed como otras aptitudes, como por ejemplo la l\u00f3gica, el ingenio, la deducci\u00f3n o la observaci\u00f3n para resolver retos. Han participado 44 empresas y cerca de mil personas participantes, que har\u00e1n entrevistas para cubrir 400 puestos de trabajo en la comarca, seg\u00fan los datos publicados por el Ajuntament de Calafell. El SOM Bisbal tambi\u00e9n ha estado presente para potenciar la ocupaci\u00f3n y el trabajo en el municipio y para asesorar y dar apoyo a aquellas personas que buscan trabajo, haci\u00e9ndolas conocedoras de los servicios que ofrecemos desde la Bisbal del Pened\u00e8s.<\/p>\n\n\n\n<p>Los responsables de inaugurar la Fira han sido el presidente del Consell Comarcal del Baix Pened\u00e8s y alcalde de Calafell, Ramon Ferr\u00e9; y la presidenta de la Cambra de Comer\u00e7 de Tarragona, Laura Roig\u00e9. De la Bisbal del Pened\u00e8s han asistido la alcaldesa, Agn\u00e8s Ferr\u00e9; la primera tenienta de alcald\u00eda, Judith Vidal; y la t\u00e9cnica de Ocupaci\u00f3n, Arantzazu Longares.<\/p>\n\n\n\n<p><\/p>\n","protected":false},"excerpt":{"rendered":"<p>El Centre C\u00edvic Montse Civit de Calafell ha acollit, aquest dijous 25 d\u2019abril, la 7a Fira d\u2019Ocupaci\u00f3 del Baix Pened\u00e8s. Es tracta d\u2019un espai que serveix per posar en contacte &hellip; <a href=\"https:\/\/bisbalpenedes.com\/web\/2024\/04\/26\/el-som-bisbal-ha-estat-present-en-la-7a-edicio-de-la-fira-docupacio-del-baix-penedes\/\" class=\"more-link\">Read More<\/a><\/p>\n","protected":false},"author":4,"featured_media":30044,"comment_status":"closed","ping_status":"closed","sticky":false,"template":"","format":"standard","meta":[],"categories":[8,9],"tags":[4081,393],"_links":{"self":[{"href":"https:\/\/bisbalpenedes.com\/web\/wp-json\/wp\/v2\/posts\/30042"}],"collection":[{"href":"https:\/\/bisbalpenedes.com\/web\/wp-json\/wp\/v2\/posts"}],"about":[{"href":"https:\/\/bisbalpenedes.com\/web\/wp-json\/wp\/v2\/types\/post"}],"author":[{"embeddable":true,"href":"https:\/\/bisbalpenedes.com\/web\/wp-json\/wp\/v2\/users\/4"}],"replies":[{"embeddable":true,"href":"https:\/\/bisbalpenedes.com\/web\/wp-json\/wp\/v2\/comments?post=30042"}],"version-history":[{"count":3,"href":"https:\/\/bisbalpenedes.com\/web\/wp-json\/wp\/v2\/posts\/30042\/revisions"}],"predecessor-version":[{"id":30048,"href":"https:\/\/bisbalpenedes.com\/web\/wp-json\/wp\/v2\/posts\/30042\/revisions\/30048"}],"wp:featuredmedia":[{"embeddable":true,"href":"https:\/\/bisbalpenedes.com\/web\/wp-json\/wp\/v2\/media\/30044"}],"wp:attachment":[{"href":"https:\/\/bisbalpenedes.com\/web\/wp-json\/wp\/v2\/media?parent=30042"}],"wp:term":[{"taxonomy":"category","embeddable":true,"href":"https:\/\/bisbalpenedes.com\/web\/wp-json\/wp\/v2\/categories?post=30042"},{"taxonomy":"post_tag","embeddable":true,"href":"https:\/\/bisbalpenedes.com\/web\/wp-json\/wp\/v2\/tags?post=30042"}],"curies":[{"name":"wp","href":"https:\/\/api.w.org\/{rel}","templated":true}]}}