{"id":30032,"date":"2024-04-26T07:22:01","date_gmt":"2024-04-26T05:22:01","guid":{"rendered":"https:\/\/bisbalpenedes.com\/web\/?p=30032"},"modified":"2024-04-26T07:24:39","modified_gmt":"2024-04-26T05:24:39","slug":"el-proper-dimarts-30-dabril-se-celebrara-una-junta-de-govern-local-amb-una-proposta-amb-competencia-delegada-del-ple","status":"publish","type":"post","link":"https:\/\/bisbalpenedes.com\/web\/2024\/04\/26\/el-proper-dimarts-30-dabril-se-celebrara-una-junta-de-govern-local-amb-una-proposta-amb-competencia-delegada-del-ple\/","title":{"rendered":"El proper dimarts 30 d\u2019abril se celebrar\u00e0 una Junta de Govern Local i una de les propostes de l&#8217;ordre del dia \u00e9s amb compet\u00e8ncia delegada del Ple"},"content":{"rendered":"\n<p>El proper dimarts 30 d\u2019abril se celebrar\u00e0 una Junta de Govern que, entre les propostes de l\u2019ordre del dia, cont\u00e9 una proposta amb compet\u00e8ncia delegada del Ple. \u00c9s la seg\u00fcent:<\/p>\n\n\n\n<ul><li>Certificaci\u00f3 n\u00famero 4 de les obres de millora de les infraestructures de la Riba.<\/li><\/ul>\n\n\n\n<p>Les sessions de la Junta de Govern Local no s\u00f3n p\u00fabliques, per\u00f2 quan actua en compet\u00e8ncies delegades del Ple, la sessi\u00f3 se sotmet als mateixos requisits de publicitat que les sessions del Ple, que s\u00f3n p\u00fabliques. Aix\u00ed ho va declarar la STS 161\/2013, de 26 de setembre. Per aquest motiu, a les 9:15h s\u2019obriran les portes de la sala de plens perqu\u00e8 hi pugui assistir p\u00fablic i, a m\u00e9s, es gravar\u00e0 aquest punt i es publicar\u00e0 el v\u00eddeo per garantir la seva publicitat.<\/p>\n\n\n\n<hr class=\"wp-block-separator has-alpha-channel-opacity\"\/>\n\n\n\n<p>El pr\u00f3ximo martes 30 de abril se celebrar\u00e1 una Junta de Gobierno que, entre las propuestas del orden del d\u00eda, contiene una propuesta con competencia delegada del Pleno. Es la siguiente:<\/p>\n\n\n\n<ul><li>Certificaci\u00f3n n\u00famero 4 de las obras de mejora de las infraestructuras de la Riba.<\/li><\/ul>\n\n\n\n<p>Las sesiones de la Junta de Gobierno Local no son p\u00fablicas, pero cuando act\u00faa en competencias delegadas del Pleno, la sesi\u00f3n se somete a los mismos requisitos de publicidad que las sesiones del Pleno, que son p\u00fablicas. As\u00ed lo declar\u00f3 la STS 161\/2013, de 26 de septiembre. Por este motivo, a las 9:15h se abrir\u00e1n las puertas de la sala de plenos para que pueda asistir p\u00fablico y, adem\u00e1s, se grabar\u00e1 este punto y se publicar\u00e1 el v\u00eddeo para garantizar su publicidad.<\/p>\n\n\n\n<p><\/p>\n","protected":false},"excerpt":{"rendered":"<p>El proper dimarts 30 d\u2019abril se celebrar\u00e0 una Junta de Govern que, entre les propostes de l\u2019ordre del dia, cont\u00e9 una proposta amb compet\u00e8ncia delegada del Ple. \u00c9s la seg\u00fcent: &hellip; <a href=\"https:\/\/bisbalpenedes.com\/web\/2024\/04\/26\/el-proper-dimarts-30-dabril-se-celebrara-una-junta-de-govern-local-amb-una-proposta-amb-competencia-delegada-del-ple\/\" class=\"more-link\">Read More<\/a><\/p>\n","protected":false},"author":4,"featured_media":30033,"comment_status":"closed","ping_status":"closed","sticky":false,"template":"","format":"standard","meta":[],"categories":[3085,8],"tags":[459,4427,686,393,1337,1374],"_links":{"self":[{"href":"https:\/\/bisbalpenedes.com\/web\/wp-json\/wp\/v2\/posts\/30032"}],"collection":[{"href":"https:\/\/bisbalpenedes.com\/web\/wp-json\/wp\/v2\/posts"}],"about":[{"href":"https:\/\/bisbalpenedes.com\/web\/wp-json\/wp\/v2\/types\/post"}],"author":[{"embeddable":true,"href":"https:\/\/bisbalpenedes.com\/web\/wp-json\/wp\/v2\/users\/4"}],"replies":[{"embeddable":true,"href":"https:\/\/bisbalpenedes.com\/web\/wp-json\/wp\/v2\/comments?post=30032"}],"version-history":[{"count":2,"href":"https:\/\/bisbalpenedes.com\/web\/wp-json\/wp\/v2\/posts\/30032\/revisions"}],"predecessor-version":[{"id":30035,"href":"https:\/\/bisbalpenedes.com\/web\/wp-json\/wp\/v2\/posts\/30032\/revisions\/30035"}],"wp:featuredmedia":[{"embeddable":true,"href":"https:\/\/bisbalpenedes.com\/web\/wp-json\/wp\/v2\/media\/30033"}],"wp:attachment":[{"href":"https:\/\/bisbalpenedes.com\/web\/wp-json\/wp\/v2\/media?parent=30032"}],"wp:term":[{"taxonomy":"category","embeddable":true,"href":"https:\/\/bisbalpenedes.com\/web\/wp-json\/wp\/v2\/categories?post=30032"},{"taxonomy":"post_tag","embeddable":true,"href":"https:\/\/bisbalpenedes.com\/web\/wp-json\/wp\/v2\/tags?post=30032"}],"curies":[{"name":"wp","href":"https:\/\/api.w.org\/{rel}","templated":true}]}}