{"id":3001,"date":"2017-08-03T13:08:21","date_gmt":"2017-08-03T07:08:21","guid":{"rendered":"http:\/\/bisbalpenedes.com\/web\/?p=3001"},"modified":"2017-08-03T13:08:21","modified_gmt":"2017-08-03T07:08:21","slug":"11-persones-han-presentat-sol-licitud-per-tramitar-subvencions-per-a-larranjament-dhabitatges-de-la-gent-gran","status":"publish","type":"post","link":"https:\/\/bisbalpenedes.com\/web\/2017\/08\/03\/11-persones-han-presentat-sol-licitud-per-tramitar-subvencions-per-a-larranjament-dhabitatges-de-la-gent-gran\/","title":{"rendered":"11 persones han presentat sol.licitud per tramitar subvencions per a l&#8217;arranjament d&#8217;habitatges de la gent gran"},"content":{"rendered":"<p>Durant el mes de juliol l\u2019Ajuntament va oferir quatre xerrades informatives sobre les subvencions per obres d\u2019arranjament a l\u2019interior d\u2019habitatges per a les persones grans. Un total d&#8217;11 persones han presentat sol\u00b7licitud sobre les subvencions a l&#8217;Ajuntament i la Regidoria de la Gent Gran les ha entrat per registre al Consell Comarcal del Baix Pened\u00e8s, que \u00e9s l&#8217;ens encarregat de fer la tramitaci\u00f3 amb Habitatge de la Generalitat de Catalunya.<\/p>\n<p>M\u00e9s informaci\u00f3 sobre la subvenci\u00f3:\u00a0http:\/\/bisbalpenedes.com\/web\/2017\/07\/06\/subvencions-per-obres-darranjament-a-linterior-dhabitatges-per-a-les-persones-grans\/<\/p>\n","protected":false},"excerpt":{"rendered":"<p>Durant el mes de juliol l\u2019Ajuntament va oferir quatre xerrades informatives sobre les subvencions per obres d\u2019arranjament a l\u2019interior d\u2019habitatges per a les persones grans. Un total d&#8217;11 persones han &hellip; <a href=\"https:\/\/bisbalpenedes.com\/web\/2017\/08\/03\/11-persones-han-presentat-sol-licitud-per-tramitar-subvencions-per-a-larranjament-dhabitatges-de-la-gent-gran\/\" class=\"more-link\">Read More<\/a><\/p>\n","protected":false},"author":4,"featured_media":2784,"comment_status":"closed","ping_status":"closed","sticky":false,"template":"","format":"standard","meta":[],"categories":[8],"tags":[],"_links":{"self":[{"href":"https:\/\/bisbalpenedes.com\/web\/wp-json\/wp\/v2\/posts\/3001"}],"collection":[{"href":"https:\/\/bisbalpenedes.com\/web\/wp-json\/wp\/v2\/posts"}],"about":[{"href":"https:\/\/bisbalpenedes.com\/web\/wp-json\/wp\/v2\/types\/post"}],"author":[{"embeddable":true,"href":"https:\/\/bisbalpenedes.com\/web\/wp-json\/wp\/v2\/users\/4"}],"replies":[{"embeddable":true,"href":"https:\/\/bisbalpenedes.com\/web\/wp-json\/wp\/v2\/comments?post=3001"}],"version-history":[{"count":2,"href":"https:\/\/bisbalpenedes.com\/web\/wp-json\/wp\/v2\/posts\/3001\/revisions"}],"predecessor-version":[{"id":3003,"href":"https:\/\/bisbalpenedes.com\/web\/wp-json\/wp\/v2\/posts\/3001\/revisions\/3003"}],"wp:featuredmedia":[{"embeddable":true,"href":"https:\/\/bisbalpenedes.com\/web\/wp-json\/wp\/v2\/media\/2784"}],"wp:attachment":[{"href":"https:\/\/bisbalpenedes.com\/web\/wp-json\/wp\/v2\/media?parent=3001"}],"wp:term":[{"taxonomy":"category","embeddable":true,"href":"https:\/\/bisbalpenedes.com\/web\/wp-json\/wp\/v2\/categories?post=3001"},{"taxonomy":"post_tag","embeddable":true,"href":"https:\/\/bisbalpenedes.com\/web\/wp-json\/wp\/v2\/tags?post=3001"}],"curies":[{"name":"wp","href":"https:\/\/api.w.org\/{rel}","templated":true}]}}