{"id":29980,"date":"2024-04-23T07:57:19","date_gmt":"2024-04-23T05:57:19","guid":{"rendered":"https:\/\/bisbalpenedes.com\/web\/?p=29980"},"modified":"2024-04-23T07:57:19","modified_gmt":"2024-04-23T05:57:19","slug":"projeccio-del-documental-langtang-i-rolwaling-dues-valls-del-nepal","status":"publish","type":"post","link":"https:\/\/bisbalpenedes.com\/web\/2024\/04\/23\/projeccio-del-documental-langtang-i-rolwaling-dues-valls-del-nepal\/","title":{"rendered":"Projecci\u00f3 del documental &#8220;Langtang i Rolwaling, dues valls del Nepal&#8221;"},"content":{"rendered":"\n<p>Aquest divendres l&#8217;auditori Salb\u00e0 del Centre Municipal de Cultura acollir\u00e0 la projecci\u00f3 del documental de muntanya de Joan Sol\u00e9 Rovirosa &#8220;Langtang i Rolwaling, dues valls del Nepal&#8221;. No us la perdeu!<\/p>\n\n\n\n<hr class=\"wp-block-separator has-alpha-channel-opacity\"\/>\n\n\n\n<p>Este viernes el auditori Salb\u00e0 del Centre Municipal de Cultura acoger\u00e1 la proyecci\u00f3n del documental de monta\u00f1a de Joan Sol\u00e9 Rovirosa &#8220;Langtang y Rolwaoling, dues valls del Nepal&#8221;. \u00a1No os la perd\u00e1is!<\/p>\n","protected":false},"excerpt":{"rendered":"<p>Aquest divendres l&#8217;auditori Salb\u00e0 del Centre Municipal de Cultura acollir\u00e0 la projecci\u00f3 del documental de muntanya de Joan Sol\u00e9 Rovirosa &#8220;Langtang i Rolwaling, dues valls del Nepal&#8221;. No us la &hellip; <a href=\"https:\/\/bisbalpenedes.com\/web\/2024\/04\/23\/projeccio-del-documental-langtang-i-rolwaling-dues-valls-del-nepal\/\" class=\"more-link\">Read More<\/a><\/p>\n","protected":false},"author":4,"featured_media":29982,"comment_status":"closed","ping_status":"closed","sticky":false,"template":"","format":"standard","meta":[],"categories":[2942,20,8],"tags":[6592,459,393,5731,6593,1374,4331,856,6591],"_links":{"self":[{"href":"https:\/\/bisbalpenedes.com\/web\/wp-json\/wp\/v2\/posts\/29980"}],"collection":[{"href":"https:\/\/bisbalpenedes.com\/web\/wp-json\/wp\/v2\/posts"}],"about":[{"href":"https:\/\/bisbalpenedes.com\/web\/wp-json\/wp\/v2\/types\/post"}],"author":[{"embeddable":true,"href":"https:\/\/bisbalpenedes.com\/web\/wp-json\/wp\/v2\/users\/4"}],"replies":[{"embeddable":true,"href":"https:\/\/bisbalpenedes.com\/web\/wp-json\/wp\/v2\/comments?post=29980"}],"version-history":[{"count":1,"href":"https:\/\/bisbalpenedes.com\/web\/wp-json\/wp\/v2\/posts\/29980\/revisions"}],"predecessor-version":[{"id":29983,"href":"https:\/\/bisbalpenedes.com\/web\/wp-json\/wp\/v2\/posts\/29980\/revisions\/29983"}],"wp:featuredmedia":[{"embeddable":true,"href":"https:\/\/bisbalpenedes.com\/web\/wp-json\/wp\/v2\/media\/29982"}],"wp:attachment":[{"href":"https:\/\/bisbalpenedes.com\/web\/wp-json\/wp\/v2\/media?parent=29980"}],"wp:term":[{"taxonomy":"category","embeddable":true,"href":"https:\/\/bisbalpenedes.com\/web\/wp-json\/wp\/v2\/categories?post=29980"},{"taxonomy":"post_tag","embeddable":true,"href":"https:\/\/bisbalpenedes.com\/web\/wp-json\/wp\/v2\/tags?post=29980"}],"curies":[{"name":"wp","href":"https:\/\/api.w.org\/{rel}","templated":true}]}}