{"id":29939,"date":"2024-04-19T14:40:54","date_gmt":"2024-04-19T12:40:54","guid":{"rendered":"https:\/\/bisbalpenedes.com\/web\/?p=29939"},"modified":"2024-04-19T14:40:54","modified_gmt":"2024-04-19T12:40:54","slug":"sha-arranjat-lentrada-del-cami-de-ca-lalegret-fins-a-la-placeta-en-el-marc-dels-pressupostos-participatius-2023","status":"publish","type":"post","link":"https:\/\/bisbalpenedes.com\/web\/2024\/04\/19\/sha-arranjat-lentrada-del-cami-de-ca-lalegret-fins-a-la-placeta-en-el-marc-dels-pressupostos-participatius-2023\/","title":{"rendered":"S&#8217;ha arranjat l&#8217;entrada del cam\u00ed de Ca l&#8217;Alegret fins a la placeta en el marc dels Pressupostos Participatius 2023"},"content":{"rendered":"\n<p>L\u2019Ajuntament de la Bisbal del Pened\u00e8s ha arranjat l\u2019entrada del cam\u00ed de Ca l\u2019Alegret, \u00e9s a dir, la pujada de la carretera fins a la placeta de Ca l\u2019Alegret, en el marc dels Pressupostos Participatius 2023. El preu d\u2019aquesta intervenci\u00f3 ha estat d\u201911.033,08\u20ac (IVA incl\u00f2s).<\/p>\n\n\n\n<p>Si no sou del barri i veniu el diumenge 21 d\u2019abril, a les 12h, a la presentaci\u00f3-vermut del llibre \u201cJaume Alegret i Vidal (1847-1916), un vendrellenc rellevant\u201d, podreu veure en directe el resultat d\u2019aquesta intervenci\u00f3.<\/p>\n\n\n\n<hr class=\"wp-block-separator has-alpha-channel-opacity\"\/>\n\n\n\n<p><strong>CASTELLANO | <\/strong>El Ajuntament de la Bisbal del Pened\u00e8s ha arreglado la entrada del camino de Ca l\u2019Alegret, es decir, la subida de la carretera hasta la placeta de Ca l\u2019Alegret, en el marco de los Presupuestos Participativos 2023. El precio de esta intervenci\u00f3n ha sido de 11.033,08\u20ac (IVA incluido).<\/p>\n\n\n\n<p>Si no sois del barrio y ven\u00eds el domingo 21 de abril, a las 12h, a la presentaci\u00f3n-verm\u00fa del libro \u201cJaume Alegret i Vidal (1847-1916), un vendrellenc rellevant\u201d, podr\u00e9is ver en directo el resultado de esta intervenci\u00f3n.<\/p>\n\n\n\n<p><\/p>\n","protected":false},"excerpt":{"rendered":"<p>L\u2019Ajuntament de la Bisbal del Pened\u00e8s ha arranjat l\u2019entrada del cam\u00ed de Ca l\u2019Alegret, \u00e9s a dir, la pujada de la carretera fins a la placeta de Ca l\u2019Alegret, en &hellip; <a href=\"https:\/\/bisbalpenedes.com\/web\/2024\/04\/19\/sha-arranjat-lentrada-del-cami-de-ca-lalegret-fins-a-la-placeta-en-el-marc-dels-pressupostos-participatius-2023\/\" class=\"more-link\">Read More<\/a><\/p>\n","protected":false},"author":4,"featured_media":29940,"comment_status":"closed","ping_status":"closed","sticky":false,"template":"","format":"standard","meta":[],"categories":[8,6193],"tags":[364,393,980],"_links":{"self":[{"href":"https:\/\/bisbalpenedes.com\/web\/wp-json\/wp\/v2\/posts\/29939"}],"collection":[{"href":"https:\/\/bisbalpenedes.com\/web\/wp-json\/wp\/v2\/posts"}],"about":[{"href":"https:\/\/bisbalpenedes.com\/web\/wp-json\/wp\/v2\/types\/post"}],"author":[{"embeddable":true,"href":"https:\/\/bisbalpenedes.com\/web\/wp-json\/wp\/v2\/users\/4"}],"replies":[{"embeddable":true,"href":"https:\/\/bisbalpenedes.com\/web\/wp-json\/wp\/v2\/comments?post=29939"}],"version-history":[{"count":1,"href":"https:\/\/bisbalpenedes.com\/web\/wp-json\/wp\/v2\/posts\/29939\/revisions"}],"predecessor-version":[{"id":29941,"href":"https:\/\/bisbalpenedes.com\/web\/wp-json\/wp\/v2\/posts\/29939\/revisions\/29941"}],"wp:featuredmedia":[{"embeddable":true,"href":"https:\/\/bisbalpenedes.com\/web\/wp-json\/wp\/v2\/media\/29940"}],"wp:attachment":[{"href":"https:\/\/bisbalpenedes.com\/web\/wp-json\/wp\/v2\/media?parent=29939"}],"wp:term":[{"taxonomy":"category","embeddable":true,"href":"https:\/\/bisbalpenedes.com\/web\/wp-json\/wp\/v2\/categories?post=29939"},{"taxonomy":"post_tag","embeddable":true,"href":"https:\/\/bisbalpenedes.com\/web\/wp-json\/wp\/v2\/tags?post=29939"}],"curies":[{"name":"wp","href":"https:\/\/api.w.org\/{rel}","templated":true}]}}