{"id":29922,"date":"2024-04-17T20:55:18","date_gmt":"2024-04-17T18:55:18","guid":{"rendered":"https:\/\/bisbalpenedes.com\/web\/?p=29922"},"modified":"2024-04-17T20:55:18","modified_gmt":"2024-04-17T18:55:18","slug":"el-dimecres-3-dabril-va-tenir-lloc-la-comissio-de-delimitacio-dels-termes-dalbinyana-i-la-bisbal","status":"publish","type":"post","link":"https:\/\/bisbalpenedes.com\/web\/2024\/04\/17\/el-dimecres-3-dabril-va-tenir-lloc-la-comissio-de-delimitacio-dels-termes-dalbinyana-i-la-bisbal\/","title":{"rendered":"<strong>El dimecres 3 d&#8217;abril va tenir lloc la Comissi\u00f3 de Delimitaci\u00f3 dels termes d&#8217;Albinyana i La Bisbal<\/strong>"},"content":{"rendered":"\n<p>El passat dimecres 3 d&#8217;abril va tenir lloc la Comissi\u00f3 de Delimitaci\u00f3 dels termes municipals d&#8217;Albinyana i la Bisbal del Pened\u00e8s a la Casa de la Vila bisbalenca. La reuni\u00f3 va comptar amb l&#8217;assist\u00e8ncia de dos regidors d&#8217;Albinyana, la secret\u00e0ria municipal i l&#8217;arquitecte municipal d&#8217;Albinyana. Per part de la Bisbal del Pened\u00e8s, hi van assistir l&#8217;alcaldessa Agn\u00e8s Ferr\u00e9, la regidora Judith Vidal, la secret\u00e0ria municipal i l&#8217;arquitecta municipal. La reuni\u00f3 va comptar amb l&#8217;assist\u00e8ncia de diversos ve\u00efns i ve\u00efnes que tenen propietats als l\u00edmits entre els dos municipis.<\/p>\n\n\n\n<p>Durant la comissi\u00f3, es va revisar el replantejament de la l\u00ednia de delimitaci\u00f3 entre els termes municipals de la Bisbal del Pened\u00e8s i Albinyana, segons l&#8217;estudi realitzat per l&#8217;Institut Cartogr\u00e0fic de Catalunya sobre la definici\u00f3 de la l\u00ednia de l\u00edmit entre aquests municipis. L&#8217;estudi es basava en l&#8217;acta d&#8217;atermenament de l&#8217;any 1919. Com a resultat de la trobada, es faran algunes modificacions adaptant la delimitaci\u00f3 a la situaci\u00f3 actual i, en unes setmanes, se signar\u00e0 l&#8217;acta de delimitaci\u00f3.<\/p>\n\n\n\n<hr class=\"wp-block-separator has-alpha-channel-opacity\"\/>\n\n\n\n<p><strong>CASTELLANO | <\/strong>El pasado mi\u00e9rcoles 3 de abril tuvo lugar la Comisi\u00f3n de Delimitaci\u00f3n de los t\u00e9rminos municipales de Albinyana y la Bisbal del Pened\u00e8s en la Casa de la Vila bisbalenca. La reuni\u00f3n cont\u00f3 con la asistencia de dos concejales de Albinyana, la secretaria municipal y el arquitecto municipal de Albinyana. Por parte de la Bisbal del Pened\u00e8s, asistieron la alcaldesa Agn\u00e8s Ferr\u00e9, la concejala Judith Vidal, la secretaria municipal y la arquitecta municipal. La reuni\u00f3n cont\u00f3 con la asistencia de varios vecinos y vecinas que tienen propiedades en los l\u00edmites entre los dos municipios.<\/p>\n\n\n\n<p>Durante la comisi\u00f3n, se revis\u00f3 el replanteamiento de la l\u00ednea de delimitaci\u00f3n entre los t\u00e9rminos municipales de la Bisbal del Pened\u00e8s y Albinyana, seg\u00fan el estudio realizado por el Insitut Cartogr\u00e0fic de Catalunya sobre la definici\u00f3n de la l\u00ednea de l\u00edmite entre estos municipios. El estudio se basaba en el acta de amojonamiento del a\u00f1o 1919. Como resultado del encuentro, se har\u00e1n algunas modificaciones adaptando la delimitaci\u00f3n a la situaci\u00f3n actual y, en unas semanas, se firmar\u00e1 el acta de delimitaci\u00f3n.<\/p>\n","protected":false},"excerpt":{"rendered":"<p>El passat dimecres 3 d&#8217;abril va tenir lloc la Comissi\u00f3 de Delimitaci\u00f3 dels termes municipals d&#8217;Albinyana i la Bisbal del Pened\u00e8s a la Casa de la Vila bisbalenca. La reuni\u00f3 &hellip; <a href=\"https:\/\/bisbalpenedes.com\/web\/2024\/04\/17\/el-dimecres-3-dabril-va-tenir-lloc-la-comissio-de-delimitacio-dels-termes-dalbinyana-i-la-bisbal\/\" class=\"more-link\">Read More<\/a><\/p>\n","protected":false},"author":4,"featured_media":29923,"comment_status":"closed","ping_status":"closed","sticky":false,"template":"","format":"standard","meta":[],"categories":[8,15],"tags":[1840,459,1795,393],"_links":{"self":[{"href":"https:\/\/bisbalpenedes.com\/web\/wp-json\/wp\/v2\/posts\/29922"}],"collection":[{"href":"https:\/\/bisbalpenedes.com\/web\/wp-json\/wp\/v2\/posts"}],"about":[{"href":"https:\/\/bisbalpenedes.com\/web\/wp-json\/wp\/v2\/types\/post"}],"author":[{"embeddable":true,"href":"https:\/\/bisbalpenedes.com\/web\/wp-json\/wp\/v2\/users\/4"}],"replies":[{"embeddable":true,"href":"https:\/\/bisbalpenedes.com\/web\/wp-json\/wp\/v2\/comments?post=29922"}],"version-history":[{"count":1,"href":"https:\/\/bisbalpenedes.com\/web\/wp-json\/wp\/v2\/posts\/29922\/revisions"}],"predecessor-version":[{"id":29924,"href":"https:\/\/bisbalpenedes.com\/web\/wp-json\/wp\/v2\/posts\/29922\/revisions\/29924"}],"wp:featuredmedia":[{"embeddable":true,"href":"https:\/\/bisbalpenedes.com\/web\/wp-json\/wp\/v2\/media\/29923"}],"wp:attachment":[{"href":"https:\/\/bisbalpenedes.com\/web\/wp-json\/wp\/v2\/media?parent=29922"}],"wp:term":[{"taxonomy":"category","embeddable":true,"href":"https:\/\/bisbalpenedes.com\/web\/wp-json\/wp\/v2\/categories?post=29922"},{"taxonomy":"post_tag","embeddable":true,"href":"https:\/\/bisbalpenedes.com\/web\/wp-json\/wp\/v2\/tags?post=29922"}],"curies":[{"name":"wp","href":"https:\/\/api.w.org\/{rel}","templated":true}]}}