{"id":29919,"date":"2024-04-17T20:44:50","date_gmt":"2024-04-17T18:44:50","guid":{"rendered":"https:\/\/bisbalpenedes.com\/web\/?p=29919"},"modified":"2024-04-17T20:44:50","modified_gmt":"2024-04-17T18:44:50","slug":"el-servei-de-bar-i-botiga-del-local-social-de-can-gordei-es-tornara-a-licitar-proximament-ja-que-lactual-convocatoria-sha-declarat-deserta","status":"publish","type":"post","link":"https:\/\/bisbalpenedes.com\/web\/2024\/04\/17\/el-servei-de-bar-i-botiga-del-local-social-de-can-gordei-es-tornara-a-licitar-proximament-ja-que-lactual-convocatoria-sha-declarat-deserta\/","title":{"rendered":"El servei de bar i botiga del local social de Can Gordei es tornar\u00e0 a licitar pr\u00f2ximament ja que l&#8217;actual convocat\u00f2ria s&#8217;ha declarat deserta"},"content":{"rendered":"\n<p>L&#8217;Ajuntament de la Bisbal del Pened\u00e8s ha declarat deserta l&#8217;actual convocat\u00f2ria per licitar el servei de bar&nbsp; i botiga del local social de Can Gordei, tot i haver-se presentat sis propostes.<\/p>\n\n\n\n<p>El dilluns 15 d&#8217;abril es va constituir la mesa per valorar les 6 propostes presentades. Quant al sobre 1, totes havien presentat correctament la documentaci\u00f3 administrativa. No obstant aix\u00f2, la mesa va declarar deserta la convocat\u00f2ria perqu\u00e8 els sobres 2, que havien d&#8217;incloure la informaci\u00f3 sobre criteris que depenen d&#8217;un judici de valor, presentava els defectes seg\u00fcents:<\/p>\n\n\n\n<ul><li>Tres propostes presentaven un projecte de funcionament de l&#8217;activitat incomplet i, per tant, no es podia valorar.<\/li><li>Tres propostes inclo\u00efen informaci\u00f3 que havia d&#8217;estar al sobre 3.<\/li><\/ul>\n\n\n\n<p>El dimarts 16 d&#8217;abril es va signar el Decret d&#8217;alcaldia declarant deserta aquesta convocat\u00f2ria i els serveis t\u00e8cnics municipals ja estan treballant en una nova convocat\u00f2ria.<\/p>\n\n\n\n<hr class=\"wp-block-separator has-alpha-channel-opacity\"\/>\n\n\n\n<p><strong>CASTELLANO |<\/strong> El Ajuntament de la Bisbal del Pened\u00e8s ha declarado desierta la actual convocatoria para licitar el servicio de bar y tienda del local social de Can Gordei, aunque se hab\u00edan presentado seis propuestas.<\/p>\n\n\n\n<p>El lunes 15 de abril se constituy\u00f3 la mesa para valorar las 6 propuestas presentadas. En cuanto al sobre 1, todas hab\u00edan presentado correctamente la documentaci\u00f3n administrativa. No obstante, la mesa declar\u00f3 desierta la convocatoria porque los sobres 2, que ten\u00edan que incluir la informaci\u00f3n sobre criterios que dependen de un juicio de valor, presentaba los siguientes defectos:<\/p>\n\n\n\n<ul><li>Tres propuestas presentaban un proyecto de funcionamiento de la actividad incompleto y, por tanto, no se pod\u00eda valorar.<\/li><li>Tres propuestas inclu\u00edan informaci\u00f3n que ten\u00eda que estar en el sobre 3.<\/li><\/ul>\n\n\n\n<p>El martes 16 de abril se firm\u00f3 el Decreto de alcald\u00eda declarando desierta esta convocatoria y los servicios t\u00e9cnicos municipales ya est\u00e1n trabajando en una nueva convocatoria.<\/p>\n","protected":false},"excerpt":{"rendered":"<p>L&#8217;Ajuntament de la Bisbal del Pened\u00e8s ha declarat deserta l&#8217;actual convocat\u00f2ria per licitar el servei de bar&nbsp; i botiga del local social de Can Gordei, tot i haver-se presentat sis &hellip; <a href=\"https:\/\/bisbalpenedes.com\/web\/2024\/04\/17\/el-servei-de-bar-i-botiga-del-local-social-de-can-gordei-es-tornara-a-licitar-proximament-ja-que-lactual-convocatoria-sha-declarat-deserta\/\" class=\"more-link\">Read More<\/a><\/p>\n","protected":false},"author":4,"featured_media":26859,"comment_status":"closed","ping_status":"closed","sticky":false,"template":"","format":"standard","meta":[],"categories":[4287,8],"tags":[459,140,3380,198,267,1374],"_links":{"self":[{"href":"https:\/\/bisbalpenedes.com\/web\/wp-json\/wp\/v2\/posts\/29919"}],"collection":[{"href":"https:\/\/bisbalpenedes.com\/web\/wp-json\/wp\/v2\/posts"}],"about":[{"href":"https:\/\/bisbalpenedes.com\/web\/wp-json\/wp\/v2\/types\/post"}],"author":[{"embeddable":true,"href":"https:\/\/bisbalpenedes.com\/web\/wp-json\/wp\/v2\/users\/4"}],"replies":[{"embeddable":true,"href":"https:\/\/bisbalpenedes.com\/web\/wp-json\/wp\/v2\/comments?post=29919"}],"version-history":[{"count":1,"href":"https:\/\/bisbalpenedes.com\/web\/wp-json\/wp\/v2\/posts\/29919\/revisions"}],"predecessor-version":[{"id":29920,"href":"https:\/\/bisbalpenedes.com\/web\/wp-json\/wp\/v2\/posts\/29919\/revisions\/29920"}],"wp:featuredmedia":[{"embeddable":true,"href":"https:\/\/bisbalpenedes.com\/web\/wp-json\/wp\/v2\/media\/26859"}],"wp:attachment":[{"href":"https:\/\/bisbalpenedes.com\/web\/wp-json\/wp\/v2\/media?parent=29919"}],"wp:term":[{"taxonomy":"category","embeddable":true,"href":"https:\/\/bisbalpenedes.com\/web\/wp-json\/wp\/v2\/categories?post=29919"},{"taxonomy":"post_tag","embeddable":true,"href":"https:\/\/bisbalpenedes.com\/web\/wp-json\/wp\/v2\/tags?post=29919"}],"curies":[{"name":"wp","href":"https:\/\/api.w.org\/{rel}","templated":true}]}}