{"id":29915,"date":"2024-04-17T20:36:31","date_gmt":"2024-04-17T18:36:31","guid":{"rendered":"https:\/\/bisbalpenedes.com\/web\/?p=29915"},"modified":"2024-04-17T20:36:31","modified_gmt":"2024-04-17T18:36:31","slug":"a-la-bisbal-del-penedes-som-de-sant-jordi","status":"publish","type":"post","link":"https:\/\/bisbalpenedes.com\/web\/2024\/04\/17\/a-la-bisbal-del-penedes-som-de-sant-jordi\/","title":{"rendered":"A la Bisbal del Pened\u00e8s som de Sant Jordi!"},"content":{"rendered":"\n<p>A la Bisbal del Pened\u00e8s, som de Sant Jordi! Per aix\u00f2, la diada \u00e9s festiu municipal, programem un extens programa d\u2019actes per a totes les edats i compartim aquesta bonica imatge a la fa\u00e7ana de la Casa de la Vila!<br>Programa d&#8217;activitats: <a href=\"https:\/\/bisbalpenedes.com\/web\/2024\/04\/12\/programa-dactivitats-amb-motiu-de-sant-jordi-2\/\"><strong>https:\/\/bisbalpenedes.com\/web\/2024\/04\/12\/programa-dactivitats-amb-motiu-de-sant-jordi-2\/<\/strong><\/a><\/p>\n\n\n\n<hr class=\"wp-block-separator has-alpha-channel-opacity\"\/>\n\n\n\n<p><strong>CASTELLANO |&nbsp;<\/strong>En la Bisbal del Pened\u00e8s, \u00a1Somos de Sant Jordi! \u00a1Por eso, la diada es festivo municipal, programamos un extenso programa de actos para todas las edades y compartimos esta bonita imagen en la fachada de la Casa de la Vila!<br>Programa de actividades: <a href=\"https:\/\/bisbalpenedes.com\/web\/2024\/04\/12\/programa-dactivitats-amb-motiu-de-sant-jordi-2\/\"><strong>https:\/\/bisbalpenedes.com\/web\/2024\/04\/12\/programa-dactivitats-amb-motiu-de-sant-jordi-2\/<\/strong><\/a><\/p>\n","protected":false},"excerpt":{"rendered":"<p>A la Bisbal del Pened\u00e8s, som de Sant Jordi! Per aix\u00f2, la diada \u00e9s festiu municipal, programem un extens programa d\u2019actes per a totes les edats i compartim aquesta bonica &hellip; <a href=\"https:\/\/bisbalpenedes.com\/web\/2024\/04\/17\/a-la-bisbal-del-penedes-som-de-sant-jordi\/\" class=\"more-link\">Read More<\/a><\/p>\n","protected":false},"author":4,"featured_media":29916,"comment_status":"closed","ping_status":"closed","sticky":false,"template":"","format":"standard","meta":[],"categories":[2942,13,8],"tags":[1198,459,393,1374,64],"_links":{"self":[{"href":"https:\/\/bisbalpenedes.com\/web\/wp-json\/wp\/v2\/posts\/29915"}],"collection":[{"href":"https:\/\/bisbalpenedes.com\/web\/wp-json\/wp\/v2\/posts"}],"about":[{"href":"https:\/\/bisbalpenedes.com\/web\/wp-json\/wp\/v2\/types\/post"}],"author":[{"embeddable":true,"href":"https:\/\/bisbalpenedes.com\/web\/wp-json\/wp\/v2\/users\/4"}],"replies":[{"embeddable":true,"href":"https:\/\/bisbalpenedes.com\/web\/wp-json\/wp\/v2\/comments?post=29915"}],"version-history":[{"count":1,"href":"https:\/\/bisbalpenedes.com\/web\/wp-json\/wp\/v2\/posts\/29915\/revisions"}],"predecessor-version":[{"id":29917,"href":"https:\/\/bisbalpenedes.com\/web\/wp-json\/wp\/v2\/posts\/29915\/revisions\/29917"}],"wp:featuredmedia":[{"embeddable":true,"href":"https:\/\/bisbalpenedes.com\/web\/wp-json\/wp\/v2\/media\/29916"}],"wp:attachment":[{"href":"https:\/\/bisbalpenedes.com\/web\/wp-json\/wp\/v2\/media?parent=29915"}],"wp:term":[{"taxonomy":"category","embeddable":true,"href":"https:\/\/bisbalpenedes.com\/web\/wp-json\/wp\/v2\/categories?post=29915"},{"taxonomy":"post_tag","embeddable":true,"href":"https:\/\/bisbalpenedes.com\/web\/wp-json\/wp\/v2\/tags?post=29915"}],"curies":[{"name":"wp","href":"https:\/\/api.w.org\/{rel}","templated":true}]}}