{"id":29909,"date":"2024-04-17T20:20:24","date_gmt":"2024-04-17T18:20:24","guid":{"rendered":"https:\/\/bisbalpenedes.com\/web\/?p=29909"},"modified":"2024-04-17T20:34:44","modified_gmt":"2024-04-17T18:34:44","slug":"linterior-del-cmc-estrena-un-mural-amb-motiu-de-la-celebracio-del-20e-aniversari-del-festival-eva","status":"publish","type":"post","link":"https:\/\/bisbalpenedes.com\/web\/2024\/04\/17\/linterior-del-cmc-estrena-un-mural-amb-motiu-de-la-celebracio-del-20e-aniversari-del-festival-eva\/","title":{"rendered":"<strong>L&#8217;interior del CMC estrena un mural amb motiu de la celebraci\u00f3 del 20\u00e8 aniversari del Festival EVA<\/strong>"},"content":{"rendered":"\n<p>El Festival EVA est\u00e0 d&#8217;aniversari, ja que enguany celebra que fa vint edicions que es va engegar. Per aquest motiu, l&#8217;organitzaci\u00f3 ha regalat la reproducci\u00f3 d&#8217;un dels cartells de cada edici\u00f3 a diversos pobles de la vegueria que han fet possible l&#8217;esdeveniment any rere any. Aquest, \u00e9s el cas de la Bisbal del Pened\u00e8s, que ofereix diversos espectacles del festival al municipi des de l&#8217;any 2018. El mural de la nostra vila ha estat pintat per l&#8217;artista Jordi Gibert i es pot veure al vest\u00edbul del Centre Municipal de Cultura.<\/p>\n\n\n\n<figure class=\"wp-block-image size-large\"><img loading=\"lazy\" width=\"768\" height=\"1024\" src=\"https:\/\/bisbalpenedes.com\/web\/wp-content\/uploads\/2024\/04\/IMG_7845-768x1024.jpeg\" alt=\"\" class=\"wp-image-29912\" srcset=\"https:\/\/bisbalpenedes.com\/web\/wp-content\/uploads\/2024\/04\/IMG_7845-768x1024.jpeg 768w, https:\/\/bisbalpenedes.com\/web\/wp-content\/uploads\/2024\/04\/IMG_7845-225x300.jpeg 225w, https:\/\/bisbalpenedes.com\/web\/wp-content\/uploads\/2024\/04\/IMG_7845-1152x1536.jpeg 1152w, https:\/\/bisbalpenedes.com\/web\/wp-content\/uploads\/2024\/04\/IMG_7845-1536x2048.jpeg 1536w, https:\/\/bisbalpenedes.com\/web\/wp-content\/uploads\/2024\/04\/IMG_7845-600x800.jpeg 600w, https:\/\/bisbalpenedes.com\/web\/wp-content\/uploads\/2024\/04\/IMG_7845-scaled.jpeg 1920w\" sizes=\"(max-width: 768px) 100vw, 768px\" \/><\/figure>\n\n\n\n<p>L&#8217;obra del muralista Jordi Gibert fa 2,55m d&#8217;al\u00e7ada per 3,85m d&#8217;amplada i \u00e9s una reproducci\u00f3 de la imatge del cartell de l&#8217;edici\u00f3 2011 del festival. Amb aquesta imatge, es deixa palesa la vinculaci\u00f3 de la Bisbal del Pened\u00e8s amb la cultura oral i la seva continu\u00eftat en la programaci\u00f3 del Festival EVA, puix enguany l&#8217;esdeveniment tornar\u00e0 a aturar-se a la Bisbal del Pened\u00e8s per oferir els seus espectacles del diumenge 9 al dijous 20 de juny, amb quatre actuacions que abra\u00e7aran des del p\u00fablic infantil fins al p\u00fablic adult, amb bones dosis de poesia, m\u00fasica i, fins i tot, erotisme.<\/p>\n\n\n\n<p>Comptant la programaci\u00f3 prevista per enguany, la Bisbal del Pened\u00e8s haur\u00e0 acollit, aquest 2024, una vintena d&#8217;espectacles del festival de narraci\u00f3 oral. Aquests, s&#8217;han ofert en diferents empla\u00e7aments a l&#8217;aire lliure, per\u00f2 tamb\u00e9 al Centre Municipal de Cultura.<\/p>\n\n\n\n<p>Val a dir que tamb\u00e9 podeu trobar una poma pintada a terra en tres punts del municipi. Aquesta \u00e9s una senyal un\u00edvoca que s&#8217;apropa l&#8217;edici\u00f3 d&#8217;enguany del Festival EVA. Les heu vist?<\/p>\n\n\n\n<hr class=\"wp-block-separator has-alpha-channel-opacity\"\/>\n\n\n\n<p><strong>CASTELLANO |<\/strong> El Festival EVA est\u00e1 de aniversario, ya que este a\u00f1o celebra que hace veinte ediciones que se inici\u00f3. Por este motivo, la organizaci\u00f3n ha regalado la reproducci\u00f3n de uno de los carteles de cada edici\u00f3n a varios municipios de la veguer\u00eda que han hecho posible el evento a\u00f1o tras a\u00f1o. Este, es el caso de la Bisbal del Pened\u00e8s, que ofrece varios espect\u00e1culos del festival en el municipio desde el a\u00f1o 2018. El mural de nuestra villa ha sido pintado por el artista Jordi Gibert y se puede en el vest\u00edbulo del Centre Municipal de Cultura.<\/p>\n\n\n\n<p>La obra del muralista Jordi Gibert hace 2,55m de altura por 3,85m de anchura y es una reproducci\u00f3n de la imagen del cartel de la edici\u00f3n 2011 del festival. Con esta imagen, se deja constancia de la vinculaci\u00f3n de la Bisbal del Pened\u00e8s con la cultura oral y su continuidad con la programaci\u00f3n del Festival EVA, pues este a\u00f1o el evento volver\u00e1 a pasar por la Bisbal del Pened\u00e8s para ofrecer sus espect\u00e1culos del domingo 9 al jueves 20 de junio, con cuatro actuaciones que abrazar\u00e1n desde el p\u00fablico infantil hasta el p\u00fablico adulto, con buenas dosis de poes\u00eda, m\u00fasica e, incluso, erotismo.<\/p>\n\n\n\n<p>Contando la programaci\u00f3n prevista para este a\u00f1o, la Bisbal del Pened\u00e8s habr\u00e1 acogido, este 2024, una veintena de espect\u00e1culos del festival de narraci\u00f3n oral. Estos se han ofrecido en distintos emplazamientos al aire libre, pero tambi\u00e9n en el Centre Municipal de Cultura.<\/p>\n\n\n\n<p>Cabe decir que tambi\u00e9n pod\u00e9is encontrar una manzana pintada en el suelo en tres puntos del municipio. Esta es una se\u00f1al inequ\u00edvoca de que se acerca la edici\u00f3n de este a\u00f1o del Festival EVA. \u00bfLas hab\u00e9is visto?<\/p>\n","protected":false},"excerpt":{"rendered":"<p>El Festival EVA est\u00e0 d&#8217;aniversari, ja que enguany celebra que fa vint edicions que es va engegar. Per aquest motiu, l&#8217;organitzaci\u00f3 ha regalat la reproducci\u00f3 d&#8217;un dels cartells de cada &hellip; <a href=\"https:\/\/bisbalpenedes.com\/web\/2024\/04\/17\/linterior-del-cmc-estrena-un-mural-amb-motiu-de-la-celebracio-del-20e-aniversari-del-festival-eva\/\" class=\"more-link\">Read More<\/a><\/p>\n","protected":false},"author":4,"featured_media":29910,"comment_status":"closed","ping_status":"closed","sticky":false,"template":"","format":"standard","meta":[],"categories":[13,8],"tags":[393,6251],"_links":{"self":[{"href":"https:\/\/bisbalpenedes.com\/web\/wp-json\/wp\/v2\/posts\/29909"}],"collection":[{"href":"https:\/\/bisbalpenedes.com\/web\/wp-json\/wp\/v2\/posts"}],"about":[{"href":"https:\/\/bisbalpenedes.com\/web\/wp-json\/wp\/v2\/types\/post"}],"author":[{"embeddable":true,"href":"https:\/\/bisbalpenedes.com\/web\/wp-json\/wp\/v2\/users\/4"}],"replies":[{"embeddable":true,"href":"https:\/\/bisbalpenedes.com\/web\/wp-json\/wp\/v2\/comments?post=29909"}],"version-history":[{"count":2,"href":"https:\/\/bisbalpenedes.com\/web\/wp-json\/wp\/v2\/posts\/29909\/revisions"}],"predecessor-version":[{"id":29913,"href":"https:\/\/bisbalpenedes.com\/web\/wp-json\/wp\/v2\/posts\/29909\/revisions\/29913"}],"wp:featuredmedia":[{"embeddable":true,"href":"https:\/\/bisbalpenedes.com\/web\/wp-json\/wp\/v2\/media\/29910"}],"wp:attachment":[{"href":"https:\/\/bisbalpenedes.com\/web\/wp-json\/wp\/v2\/media?parent=29909"}],"wp:term":[{"taxonomy":"category","embeddable":true,"href":"https:\/\/bisbalpenedes.com\/web\/wp-json\/wp\/v2\/categories?post=29909"},{"taxonomy":"post_tag","embeddable":true,"href":"https:\/\/bisbalpenedes.com\/web\/wp-json\/wp\/v2\/tags?post=29909"}],"curies":[{"name":"wp","href":"https:\/\/api.w.org\/{rel}","templated":true}]}}