{"id":29896,"date":"2024-04-17T11:11:14","date_gmt":"2024-04-17T09:11:14","guid":{"rendered":"https:\/\/bisbalpenedes.com\/web\/?p=29896"},"modified":"2024-04-17T11:12:57","modified_gmt":"2024-04-17T09:12:57","slug":"la-bisbal-del-penedes-va-acollir-la-reunio-politico-tecnica-de-joventut-del-baix-penedes-el-dimarts-9-dabril","status":"publish","type":"post","link":"https:\/\/bisbalpenedes.com\/web\/2024\/04\/17\/la-bisbal-del-penedes-va-acollir-la-reunio-politico-tecnica-de-joventut-del-baix-penedes-el-dimarts-9-dabril\/","title":{"rendered":"La Bisbal del Pened\u00e8s va acollir la reuni\u00f3 pol\u00edtico-t\u00e8cnica de Joventut del Baix Pened\u00e8s el dimarts 9 d&#8217;abril"},"content":{"rendered":"\n<p>El Centre Municipal de Cultura va acollir, el dimarts 9 d&#8217;abril, la reuni\u00f3 pol\u00edtico-t\u00e8cnica de joventut del Baix Pened\u00e8s. Aquesta trobada peri\u00f2dica es du a terme per parlar i debatre sobre els temes que afecten els joves de la comarca, per abordar el present i el futur del pla comarcal de joventut i per plantejar iniciatives i solucions adre\u00e7ades a aquest col\u00b7lectiu, com ara formacions, activitats de lleure, tallers i iniciatives de comunicaci\u00f3 o d\u2019educaci\u00f3 en valors, entre altres.<\/p>\n\n\n\n<p>La trobada va comptar amb la pres\u00e8ncia del conseller comarcal de Joventut, Marc Palau; aix\u00ed com de diversos regidors i t\u00e8cnics de joventut de la comarca. En primer lloc, els assistents a la reuni\u00f3 van poder fer una ruta pel municipi per con\u00e8ixer la ruta dels murals i la realitat augmentada que s\u2019hi amaga. Tot seguit, van fer una visita a la Cova Jove i a les instal\u00b7lacions del Centre Municipal de Cultura, fins que, finalment, els participants es van instal\u00b7lar a la sala gran del Centre Municipal de Cultura, on l\u2019alcaldessa Agn\u00e8s Ferr\u00e9 va fer uns parlaments de benvinguda i on, tot seguit, es va dur a terme la reuni\u00f3.<\/p>\n\n\n\n<figure class=\"wp-container-2 wp-block-gallery-1 wp-block-gallery has-nested-images columns-default is-cropped\">\n<figure class=\"wp-block-image size-large\"><img loading=\"lazy\" width=\"1024\" height=\"768\" data-id=\"29900\"  src=\"https:\/\/bisbalpenedes.com\/web\/wp-content\/uploads\/2024\/04\/IMG_7859-1024x768.jpeg\" alt=\"\" class=\"wp-image-29900\" srcset=\"https:\/\/bisbalpenedes.com\/web\/wp-content\/uploads\/2024\/04\/IMG_7859-1024x768.jpeg 1024w, https:\/\/bisbalpenedes.com\/web\/wp-content\/uploads\/2024\/04\/IMG_7859-300x225.jpeg 300w, https:\/\/bisbalpenedes.com\/web\/wp-content\/uploads\/2024\/04\/IMG_7859-768x576.jpeg 768w, https:\/\/bisbalpenedes.com\/web\/wp-content\/uploads\/2024\/04\/IMG_7859-1536x1152.jpeg 1536w\" sizes=\"(max-width: 1024px) 100vw, 1024px\" \/><\/figure>\n\n\n\n<figure class=\"wp-block-image size-full\"><img data-id=\"29903\"  src=\"https:\/\/bisbalpenedes.com\/web\/wp-content\/uploads\/2024\/04\/IMG_7863.jpeg\" alt=\"\" class=\"wp-image-29903\"\/><\/figure>\n\n\n\n<figure class=\"wp-block-image size-large\"><img loading=\"lazy\" width=\"2560\" height=\"1920\" data-id=\"29902\"  src=\"https:\/\/bisbalpenedes.com\/web\/wp-content\/uploads\/2024\/04\/IMG_7853-scaled.jpeg\" alt=\"\" class=\"wp-image-29902\"\/><\/figure>\n\n\n\n<figure class=\"wp-block-image size-large\"><img loading=\"lazy\" width=\"1024\" height=\"768\" data-id=\"29897\"  src=\"https:\/\/bisbalpenedes.com\/web\/wp-content\/uploads\/2024\/04\/IMG_7841-1024x768.jpeg\" alt=\"\" class=\"wp-image-29897\" srcset=\"https:\/\/bisbalpenedes.com\/web\/wp-content\/uploads\/2024\/04\/IMG_7841-1024x768.jpeg 1024w, https:\/\/bisbalpenedes.com\/web\/wp-content\/uploads\/2024\/04\/IMG_7841-300x225.jpeg 300w, https:\/\/bisbalpenedes.com\/web\/wp-content\/uploads\/2024\/04\/IMG_7841-768x576.jpeg 768w, https:\/\/bisbalpenedes.com\/web\/wp-content\/uploads\/2024\/04\/IMG_7841-1536x1152.jpeg 1536w, https:\/\/bisbalpenedes.com\/web\/wp-content\/uploads\/2024\/04\/IMG_7841-2048x1536.jpeg 2048w, https:\/\/bisbalpenedes.com\/web\/wp-content\/uploads\/2024\/04\/IMG_7841-600x450.jpeg 600w\" sizes=\"(max-width: 1024px) 100vw, 1024px\" \/><\/figure>\n\n\n\n<figure class=\"wp-block-image size-large\"><img loading=\"lazy\" width=\"1024\" height=\"768\" data-id=\"29904\"  src=\"https:\/\/bisbalpenedes.com\/web\/wp-content\/uploads\/2024\/04\/IMG_7839-1024x768.jpeg\" alt=\"\" class=\"wp-image-29904\" srcset=\"https:\/\/bisbalpenedes.com\/web\/wp-content\/uploads\/2024\/04\/IMG_7839-1024x768.jpeg 1024w, https:\/\/bisbalpenedes.com\/web\/wp-content\/uploads\/2024\/04\/IMG_7839-300x225.jpeg 300w, https:\/\/bisbalpenedes.com\/web\/wp-content\/uploads\/2024\/04\/IMG_7839-768x576.jpeg 768w, https:\/\/bisbalpenedes.com\/web\/wp-content\/uploads\/2024\/04\/IMG_7839-1536x1152.jpeg 1536w, https:\/\/bisbalpenedes.com\/web\/wp-content\/uploads\/2024\/04\/IMG_7839-2048x1536.jpeg 2048w, https:\/\/bisbalpenedes.com\/web\/wp-content\/uploads\/2024\/04\/IMG_7839-600x450.jpeg 600w\" sizes=\"(max-width: 1024px) 100vw, 1024px\" \/><\/figure>\n\n\n\n<figure class=\"wp-block-image size-large\"><img loading=\"lazy\" width=\"614\" height=\"1024\" data-id=\"29901\"  src=\"https:\/\/bisbalpenedes.com\/web\/wp-content\/uploads\/2024\/04\/IMG_7829-1-614x1024.jpeg\" alt=\"\" class=\"wp-image-29901\" srcset=\"https:\/\/bisbalpenedes.com\/web\/wp-content\/uploads\/2024\/04\/IMG_7829-1-614x1024.jpeg 614w, https:\/\/bisbalpenedes.com\/web\/wp-content\/uploads\/2024\/04\/IMG_7829-1-180x300.jpeg 180w, https:\/\/bisbalpenedes.com\/web\/wp-content\/uploads\/2024\/04\/IMG_7829-1-768x1281.jpeg 768w, https:\/\/bisbalpenedes.com\/web\/wp-content\/uploads\/2024\/04\/IMG_7829-1-921x1536.jpeg 921w, https:\/\/bisbalpenedes.com\/web\/wp-content\/uploads\/2024\/04\/IMG_7829-1-1228x2048.jpeg 1228w, https:\/\/bisbalpenedes.com\/web\/wp-content\/uploads\/2024\/04\/IMG_7829-1-600x1001.jpeg 600w, https:\/\/bisbalpenedes.com\/web\/wp-content\/uploads\/2024\/04\/IMG_7829-1.jpeg 1284w\" sizes=\"(max-width: 614px) 100vw, 614px\" \/><\/figure>\n\n\n\n<figure class=\"wp-block-image size-large\"><img loading=\"lazy\" width=\"1024\" height=\"768\" data-id=\"29898\"  src=\"https:\/\/bisbalpenedes.com\/web\/wp-content\/uploads\/2024\/04\/IMG_7818-1024x768.jpeg\" alt=\"\" class=\"wp-image-29898\" srcset=\"https:\/\/bisbalpenedes.com\/web\/wp-content\/uploads\/2024\/04\/IMG_7818-1024x768.jpeg 1024w, https:\/\/bisbalpenedes.com\/web\/wp-content\/uploads\/2024\/04\/IMG_7818-300x225.jpeg 300w, https:\/\/bisbalpenedes.com\/web\/wp-content\/uploads\/2024\/04\/IMG_7818-768x576.jpeg 768w, https:\/\/bisbalpenedes.com\/web\/wp-content\/uploads\/2024\/04\/IMG_7818-1536x1152.jpeg 1536w, https:\/\/bisbalpenedes.com\/web\/wp-content\/uploads\/2024\/04\/IMG_7818-2048x1536.jpeg 2048w\" sizes=\"(max-width: 1024px) 100vw, 1024px\" \/><\/figure>\n\n\n\n<figure class=\"wp-block-image size-large\"><img loading=\"lazy\" width=\"1024\" height=\"768\" data-id=\"29899\"  src=\"https:\/\/bisbalpenedes.com\/web\/wp-content\/uploads\/2024\/04\/IMG_7822-1024x768.jpeg\" alt=\"\" class=\"wp-image-29899\" srcset=\"https:\/\/bisbalpenedes.com\/web\/wp-content\/uploads\/2024\/04\/IMG_7822-1024x768.jpeg 1024w, https:\/\/bisbalpenedes.com\/web\/wp-content\/uploads\/2024\/04\/IMG_7822-300x225.jpeg 300w, https:\/\/bisbalpenedes.com\/web\/wp-content\/uploads\/2024\/04\/IMG_7822-768x576.jpeg 768w, https:\/\/bisbalpenedes.com\/web\/wp-content\/uploads\/2024\/04\/IMG_7822-1536x1152.jpeg 1536w, https:\/\/bisbalpenedes.com\/web\/wp-content\/uploads\/2024\/04\/IMG_7822-2048x1536.jpeg 2048w, https:\/\/bisbalpenedes.com\/web\/wp-content\/uploads\/2024\/04\/IMG_7822-600x450.jpeg 600w\" sizes=\"(max-width: 1024px) 100vw, 1024px\" \/><\/figure>\n<\/figure>\n\n\n\n<hr class=\"wp-block-separator has-alpha-channel-opacity\"\/>\n\n\n\n<p><strong>CASTELLANO | <\/strong>El Centre Municipal de Cultura acogi\u00f3, el martes 9 de abril, la reuni\u00f3n pol\u00edtico-t\u00e9cnica de juventud del Baix Pened\u00e8s. Este encuentro peri\u00f3dico se lleva a cabo para hablar y debatir sobre los temas que afectan a los j\u00f3venes de la comarca, para abordar el presente y el futuro del plan comarcal de juventud y para plantear iniciativas y soluciones dirigidas a este colectivo, como por ejemplo formaciones, actividades de ocio, talleres e iniciativas de comunicaci\u00f3n o de educaci\u00f3n en valores, entre otras.<\/p>\n\n\n\n<p>El encuentro cont\u00f3 con la presencia del \u2018conseller\u2019 comarcal de Joventut, Marc Palau; as\u00ed como de varios concejales y t\u00e9cnicos de juventud de la comarca. En primer lugar, los asistentes a la reuni\u00f3n pudieron hacer una ruta por el municipio para conocer la ruta de los murales y la realidad aumentada que se esconde en ellos. A continuaci\u00f3n, hicieron una visita a la Cova Jove y a las instalaciones del Centre Municipal de Cultura, hasta que, finalmente, los participantes se instalaron en la sala grande del Centre Municipal de Cultura, donde la alcaldesa Agn\u00e8s Ferr\u00e9 hizo unos parlamentos de bienvenida y, a continuaci\u00f3n, se llev\u00f3 a cabo la reuni\u00f3n.<\/p>\n","protected":false},"excerpt":{"rendered":"<p>El Centre Municipal de Cultura va acollir, el dimarts 9 d&#8217;abril, la reuni\u00f3 pol\u00edtico-t\u00e8cnica de joventut del Baix Pened\u00e8s. Aquesta trobada peri\u00f2dica es du a terme per parlar i debatre &hellip; <a href=\"https:\/\/bisbalpenedes.com\/web\/2024\/04\/17\/la-bisbal-del-penedes-va-acollir-la-reunio-politico-tecnica-de-joventut-del-baix-penedes-el-dimarts-9-dabril\/\" class=\"more-link\">Read More<\/a><\/p>\n","protected":false},"author":4,"featured_media":29906,"comment_status":"closed","ping_status":"closed","sticky":false,"template":"","format":"standard","meta":[],"categories":[4269,8],"tags":[459,1056,1057,210,393,6512,397],"_links":{"self":[{"href":"https:\/\/bisbalpenedes.com\/web\/wp-json\/wp\/v2\/posts\/29896"}],"collection":[{"href":"https:\/\/bisbalpenedes.com\/web\/wp-json\/wp\/v2\/posts"}],"about":[{"href":"https:\/\/bisbalpenedes.com\/web\/wp-json\/wp\/v2\/types\/post"}],"author":[{"embeddable":true,"href":"https:\/\/bisbalpenedes.com\/web\/wp-json\/wp\/v2\/users\/4"}],"replies":[{"embeddable":true,"href":"https:\/\/bisbalpenedes.com\/web\/wp-json\/wp\/v2\/comments?post=29896"}],"version-history":[{"count":2,"href":"https:\/\/bisbalpenedes.com\/web\/wp-json\/wp\/v2\/posts\/29896\/revisions"}],"predecessor-version":[{"id":29907,"href":"https:\/\/bisbalpenedes.com\/web\/wp-json\/wp\/v2\/posts\/29896\/revisions\/29907"}],"wp:featuredmedia":[{"embeddable":true,"href":"https:\/\/bisbalpenedes.com\/web\/wp-json\/wp\/v2\/media\/29906"}],"wp:attachment":[{"href":"https:\/\/bisbalpenedes.com\/web\/wp-json\/wp\/v2\/media?parent=29896"}],"wp:term":[{"taxonomy":"category","embeddable":true,"href":"https:\/\/bisbalpenedes.com\/web\/wp-json\/wp\/v2\/categories?post=29896"},{"taxonomy":"post_tag","embeddable":true,"href":"https:\/\/bisbalpenedes.com\/web\/wp-json\/wp\/v2\/tags?post=29896"}],"curies":[{"name":"wp","href":"https:\/\/api.w.org\/{rel}","templated":true}]}}