{"id":29883,"date":"2024-04-17T10:26:32","date_gmt":"2024-04-17T08:26:32","guid":{"rendered":"https:\/\/bisbalpenedes.com\/web\/?p=29883"},"modified":"2024-04-17T10:26:32","modified_gmt":"2024-04-17T08:26:32","slug":"la-taula-de-competitivitat-energetica-i-model-energetic-del-pla-dimpuls-de-lactivitat-economica-dels-parcs-empresarials-bisbalencs-sha-reunit-aquest-dimarts","status":"publish","type":"post","link":"https:\/\/bisbalpenedes.com\/web\/2024\/04\/17\/la-taula-de-competitivitat-energetica-i-model-energetic-del-pla-dimpuls-de-lactivitat-economica-dels-parcs-empresarials-bisbalencs-sha-reunit-aquest-dimarts\/","title":{"rendered":"<strong>La taula de competitivitat energ\u00e8tica i model energ\u00e8tic del Pla d&#8217;Impuls de l&#8217;activitat econ\u00f2mica dels parcs empresarials bisbalencs s&#8217;ha reunit aquest dimarts<\/strong>"},"content":{"rendered":"\n<p>L\u2019Ajuntament de la Bisbal del Pened\u00e8s i la Cambra de Comer\u00e7 de Tarragona continuen treballant amb les empreses de les Planes i les Planes Baixes en el marc del Pla d\u2019impuls de l\u2019activitat econ\u00f2mica dels parcs empresarials bisbalencs. Per aquest motiu, aquest dimarts 16 d\u2019abril al mat\u00ed s\u2019han reunit, novament, a la sala de plens de l\u2019Ajuntament de la Bisbal del Pened\u00e8s.<\/p>\n\n\n\n<p>L\u2019Ajuntament i la Cambra de Tarragona estan treballant en un pla d\u2019impuls de l\u2019activitat econ\u00f2mica de Les Planes i Les Planes Baixes de la Bisbal del Pened\u00e8s amb l\u2019objectiu de millorar globalment els parcs empresarials bisbalencs. Per aquest motiu, han creat diverses taules de treball. Aquest dimarts, s&#8217;ha reunit la taula energ\u00e8tica i ha comptat amb la pres\u00e8ncia de persones responsables d&#8217;aquesta \u00e0rea de les empreses Engind, Prologis, Panattoni, ITSA, Bugaderia Neutral, Idiada i GCR Group. Les companyies han pogut exposar la situaci\u00f3 en la qual es troben en l&#8217;actualitat en relaci\u00f3 amb l&#8217;estalvi energ\u00e8tic i les energies renovables i quina \u00e9s la predisposici\u00f3 que tenen per crear una possible comunitat energ\u00e8tica o alguna proposta similar d&#8217;energia compartida.<\/p>\n\n\n\n<p>Durant la trobada, les empreses han plantejat q\u00fcestions relacionades amb la legislaci\u00f3 i la normativa actual -tant &nbsp;en l&#8217;\u00e0mbit local com a escala de Pa\u00eds i Estat-, els tipus d&#8217;energies renovables que es poden emprar als parcs empresarials -entre les quals ha destacat l&#8217;esment de les instal\u00b7lacions fotovoltaiques, amb les que ja compten moltes empreses-, els projectes d&#8217;energia compartida i les possibilitats i models de consum compartit. Durant el mat\u00ed s&#8217;ha connectat -per videoconfer\u00e8ncia- amb Simbiosy, una consultoria especialitzada en l&#8217;efici\u00e8ncia en l&#8217;\u00fas dels recursos, que ha ofert una xerrada relacionada amb l&#8217;\u00fas compartit de recursos als assistents.<\/p>\n\n\n\n<p>L\u2019alcaldessa de la Bisbal del Pened\u00e8s i responsable de l\u2019\u00e0rea d\u2019Ocupaci\u00f3 i Empresa, Agn\u00e8s Ferr\u00e9, ha explicat que&nbsp;<em>\u201c<\/em><em>aquestes converses amb les empreses ens estan servint per con\u00e8ixer millor les seves necessitats i per poder posar el fil a l&#8217;agulla en temes tan importants com l&#8217;estalvi energ\u00e8tic, un \u00e0mbit des del qual tamb\u00e9 estem treballant en l&#8217;\u00e0mbit municipal. De fet, en l&#8217;actualitat estem fent un estudi per avaluar les necessitats i les solucions per als edificis municipals<\/em><em>\u201d.<\/em><\/p>\n\n\n\n<p>Aquesta setmana est\u00e0 prevista una nova reuni\u00f3 amb les empreses de les zones empresarials bisbalenques, en aquest cas, centrada en els serveis integrats i de seguretat.<\/p>\n\n\n\n<figure class=\"wp-container-2 wp-block-gallery-1 wp-block-gallery has-nested-images columns-default is-cropped\">\n<figure class=\"wp-block-image size-large\"><img loading=\"lazy\" width=\"1024\" height=\"768\" data-id=\"29885\"  src=\"https:\/\/bisbalpenedes.com\/web\/wp-content\/uploads\/2024\/04\/Foto-16-4-24-10-14-27-1024x768.jpg\" alt=\"\" class=\"wp-image-29885\" srcset=\"https:\/\/bisbalpenedes.com\/web\/wp-content\/uploads\/2024\/04\/Foto-16-4-24-10-14-27-1024x768.jpg 1024w, https:\/\/bisbalpenedes.com\/web\/wp-content\/uploads\/2024\/04\/Foto-16-4-24-10-14-27-300x225.jpg 300w, https:\/\/bisbalpenedes.com\/web\/wp-content\/uploads\/2024\/04\/Foto-16-4-24-10-14-27-768x576.jpg 768w, https:\/\/bisbalpenedes.com\/web\/wp-content\/uploads\/2024\/04\/Foto-16-4-24-10-14-27-1536x1152.jpg 1536w, https:\/\/bisbalpenedes.com\/web\/wp-content\/uploads\/2024\/04\/Foto-16-4-24-10-14-27-2048x1536.jpg 2048w, https:\/\/bisbalpenedes.com\/web\/wp-content\/uploads\/2024\/04\/Foto-16-4-24-10-14-27-600x450.jpg 600w\" sizes=\"(max-width: 1024px) 100vw, 1024px\" \/><\/figure>\n<\/figure>\n\n\n\n<hr class=\"wp-block-separator has-alpha-channel-opacity\"\/>\n\n\n\n<p><strong>CASTELLANO | <\/strong>El Ajuntament de la Bisbal del Pened\u00e8s y la Cambra de Comer\u00e7 de Tarragona contin\u00faan trabajando con las empresas de Les Planes y Les Planes Baixes en el marco del Plan de impulso de la actividad econ\u00f3mica de los parques empresariales de la Bisbal. Por este motivo, este martes 16 de abril se han reunido, de nuevo, en la sala de plenos del Ajuntament de la Bisbal del Pened\u00e8s.<\/p>\n\n\n\n<p>El Ajuntament y la Cambra de Tarragona est\u00e1n trabajando en un plan de impulso de la actividad econ\u00f3mica de Les Planes y Les Planes Baixes de la Bisbal del Pened\u00e8s con el objetivo de mejorar globalmente los parques empresariales de la Bisbal. Por este motivo, han creado varias mesas de trabajo. Este martes, se ha reunido la mesa energ\u00e9tica y ha contado con la presencia de personas responsables de esta \u00e1rea de las empresas Engind, Prologis, Panattoni, ITSA, Bugaderia Neutral, Idiada y GCR Group. Las compa\u00f1\u00edas han podido exponer la situaci\u00f3n en la que se encuentran en la actualidad en relaci\u00f3n con el ahorro energ\u00e9tico y las energ\u00edas renovable y cu\u00e1l es la predisposici\u00f3n que tienen para crear una posible comunidad energ\u00e9tica o alguna propuesta similar de energ\u00eda compartida.<\/p>\n\n\n\n<p>Durante el encuentro, las empresas han planteado cuestiones relacionadas con la legislaci\u00f3n y la normativa actual -tanto en el \u00e1mbito local como a escala de Pa\u00eds y Estado-, los tipos de energ\u00eda renovables que se pueden utilizar en los parques empresariales -entre los que ha destacado la menci\u00f3n de las instalaciones fotovoltaicas, con las que ya cuentan muchas empresas-, los proyectos de energ\u00eda compartida y las posibilidades y modelos de consumo compartido. Durante la ma\u00f1ana se ha conectado -por videoconferencia- con Simbiosy, una consultor\u00eda especializada en la eficiencia en el uso de los recursos, que ha ofrecido una charla relacionada con el uso compartido de recursos a los asistentes.<\/p>\n\n\n\n<p>La alcaldesa de la Bisbal del Pened\u00e8s y responsable del \u00e1rea de Ocupaci\u00f3n y Empresa, Agn\u00e8s Ferr\u00e9, ha explicado que &#8220;estas conversaciones con las empresas nos est\u00e1n sirviendo para conocer mejor sus necesidades y para poder poner trabajar en temas tan importantes como el ahorro energ\u00e9tico, un \u00e1mbito desde el que tambi\u00e9n estamos trabajando en el \u00e1mbito municipal. De hecho, en la actualidad estamos haciendo un estudio para evaluar las necesidades y las soluciones para los edificios municipales&#8221;.<\/p>\n\n\n\n<p>Esta semana est\u00e1 prevista una nueva reuni\u00f3n con las empresas de las zonas empresariales bisbalenques, en esta caso, centrada en los servicios integrados y de seguridad.<\/p>\n","protected":false},"excerpt":{"rendered":"<p>L\u2019Ajuntament de la Bisbal del Pened\u00e8s i la Cambra de Comer\u00e7 de Tarragona continuen treballant amb les empreses de les Planes i les Planes Baixes en el marc del Pla &hellip; <a href=\"https:\/\/bisbalpenedes.com\/web\/2024\/04\/17\/la-taula-de-competitivitat-energetica-i-model-energetic-del-pla-dimpuls-de-lactivitat-economica-dels-parcs-empresarials-bisbalencs-sha-reunit-aquest-dimarts\/\" class=\"more-link\">Read More<\/a><\/p>\n","protected":false},"author":4,"featured_media":29884,"comment_status":"closed","ping_status":"closed","sticky":false,"template":"","format":"standard","meta":[],"categories":[3822,8],"tags":[6580,5795,443,2770,6579],"_links":{"self":[{"href":"https:\/\/bisbalpenedes.com\/web\/wp-json\/wp\/v2\/posts\/29883"}],"collection":[{"href":"https:\/\/bisbalpenedes.com\/web\/wp-json\/wp\/v2\/posts"}],"about":[{"href":"https:\/\/bisbalpenedes.com\/web\/wp-json\/wp\/v2\/types\/post"}],"author":[{"embeddable":true,"href":"https:\/\/bisbalpenedes.com\/web\/wp-json\/wp\/v2\/users\/4"}],"replies":[{"embeddable":true,"href":"https:\/\/bisbalpenedes.com\/web\/wp-json\/wp\/v2\/comments?post=29883"}],"version-history":[{"count":1,"href":"https:\/\/bisbalpenedes.com\/web\/wp-json\/wp\/v2\/posts\/29883\/revisions"}],"predecessor-version":[{"id":29886,"href":"https:\/\/bisbalpenedes.com\/web\/wp-json\/wp\/v2\/posts\/29883\/revisions\/29886"}],"wp:featuredmedia":[{"embeddable":true,"href":"https:\/\/bisbalpenedes.com\/web\/wp-json\/wp\/v2\/media\/29884"}],"wp:attachment":[{"href":"https:\/\/bisbalpenedes.com\/web\/wp-json\/wp\/v2\/media?parent=29883"}],"wp:term":[{"taxonomy":"category","embeddable":true,"href":"https:\/\/bisbalpenedes.com\/web\/wp-json\/wp\/v2\/categories?post=29883"},{"taxonomy":"post_tag","embeddable":true,"href":"https:\/\/bisbalpenedes.com\/web\/wp-json\/wp\/v2\/tags?post=29883"}],"curies":[{"name":"wp","href":"https:\/\/api.w.org\/{rel}","templated":true}]}}