{"id":29874,"date":"2024-04-15T18:10:09","date_gmt":"2024-04-15T16:10:09","guid":{"rendered":"https:\/\/bisbalpenedes.com\/web\/?p=29874"},"modified":"2024-04-30T11:27:54","modified_gmt":"2024-04-30T09:27:54","slug":"el-dissabte-27-dabril-a-les-19h-el-cmc-acollira-la-projeccio-de-la-pellicula-saben-aquell-del-cicle-gaudi","status":"publish","type":"post","link":"https:\/\/bisbalpenedes.com\/web\/2024\/04\/15\/el-dissabte-27-dabril-a-les-19h-el-cmc-acollira-la-projeccio-de-la-pellicula-saben-aquell-del-cicle-gaudi\/","title":{"rendered":"<strong>El dissabte 27 d&#8217;abril a les 19h el CMC acollir\u00e0 la projecci\u00f3 de la pel\u00b7l\u00edcula \u201cSaben aquell\u201d del Cicle Gaud\u00ed<\/strong>"},"content":{"rendered":"\n<p>El dissabte 27 d&#8217;abril, a les 19h, l\u2019Auditori Salb\u00e0 del CMC acollir\u00e0 la projecci\u00f3 del film \u201cSaben aquell\u201d del Cicle Gaud\u00ed.<\/p>\n\n\n\n<p><strong>FITXA T\u00c8CNICA<\/strong><\/p>\n\n\n\n<p>Direcci\u00f3:&nbsp;David Trueba<\/p>\n\n\n\n<p>Gui\u00f3: David Trueba, Albert Espinosa<\/p>\n\n\n\n<p>Productora: Ikiriu Films, Atresmedia Cine, La Terraza Films<\/p>\n\n\n\n<p>Estrena: 1 de novembre de 2023<\/p>\n\n\n\n<p>Durada:&nbsp;117 min.<\/p>\n\n\n\n<p>G\u00e8nere: Com\u00e8dia, Drama&nbsp;<\/p>\n\n\n\n<p>Versi\u00f3: Original en catal\u00e0<\/p>\n\n\n\n<p>Int\u00e8rprets: Carolina Yuste, Cristina Hoyos, David Verdaguer, Jordi Corominas, Marina Salas, Pedro Casablanc, Ramon Fontser\u00e8.<\/p>\n\n\n\n<p><strong>SINOPSI<\/strong><\/p>\n\n\n\n<p>Barcelona, finals dels 60.<br><br>Eugenio Jofra, un jove joier, coneix Conchita en un autob\u00fas de l\u00ednia. L\u2019atracci\u00f3 \u00e9s instant\u00e0nia i tots dos comencen la hist\u00f2ria d\u2019amor de les seves vides. Eugenio apr\u00e8n a tocar la guitarra per acompanyar Conchita, per a la qual cosa haur\u00e0 de lluitar contra la por esc\u00e8nica.<\/p>\n\n\n\n<p>Comen\u00e7a aix\u00ed la carrera musical dels dos. Quan Conchita s\u2019ha d\u2019absentar durant dues setmanes de Barcelona, conven\u00e7 Eugenio que dugui les actuacions a terme tot sol. Quan torna, Eugenio ha esdevingut un fenomen de l\u2019humor <em>underground<\/em> de la ciutat.<\/p>\n\n\n\n<p>A poc a poc, entre tots dos aniran construint el personatge: les ulleres, la camisa negra, el tamboret, les cigarretes i el got de tub, que es convertir\u00e0 en un \u00e8xit inesperat en una Espanya deprimida que busca desesperadament riure amb aquest singular c\u00f2mic que comen\u00e7a tots els seus acudits amb \u201cSaben aquell\u2026\u201d<\/p>\n\n\n\n<p>Com \u00e9s habitual, el preu de l\u2019entrada ser\u00e0 de 4,5\u20ac (general) i 3\u20ac per als espectadors que presentin el carnet de la Biblioteca p\u00fablica de la Bisbal del Pened\u00e8s. Els beneficis es destinaran a l\u2019entitat que gestioni la taquilla abans de la projecci\u00f3, en aquest cas la Colla Castellera de la Bisbal del Pened\u00e8s &#8211; Bous.<\/p>\n\n\n\n<figure class=\"wp-block-embed is-type-video is-provider-youtube wp-block-embed-youtube wp-embed-aspect-16-9 wp-has-aspect-ratio\"><div class=\"wp-block-embed__wrapper\">\n<iframe loading=\"lazy\" title=\"Cicle Gaud\u00ed: &quot;Saben aquell&quot;\" width=\"1170\" height=\"658\" src=\"https:\/\/www.youtube.com\/embed\/QXAYBccDvkA?feature=oembed\" frameborder=\"0\" allow=\"accelerometer; autoplay; clipboard-write; encrypted-media; gyroscope; picture-in-picture; web-share\" referrerpolicy=\"strict-origin-when-cross-origin\" allowfullscreen><\/iframe>\n<\/div><\/figure>\n\n\n\n<hr class=\"wp-block-separator has-alpha-channel-opacity\"\/>\n\n\n\n<p><strong>CASTELLANO |&nbsp;<\/strong>El s\u00e1bado 27 de abril, a las 19h, el Auditori Salb\u00e0 del CMC acoger\u00e1 la proyecci\u00f3n del film \u201cSaben aquell\u201d del Cicle Gaud\u00ed.<\/p>\n\n\n\n<p><strong>FICHA T\u00c9CNICA<\/strong><\/p>\n\n\n\n<p>Direcci\u00f3n: David Trueba<\/p>\n\n\n\n<p>Gui\u00f3n: David Trueba, Albert Espinosa<\/p>\n\n\n\n<p>Productora:&nbsp;Ikiriu Films, Atresmedia Cine, La Terraza Films<\/p>\n\n\n\n<p>Estreno:&nbsp;1 de novembre de 2023<\/p>\n\n\n\n<p>Duraci\u00f3n: 117 min.<\/p>\n\n\n\n<p>G\u00e9nero: Com\u00e8dia, Drama<\/p>\n\n\n\n<p>Versi\u00f3n: Original en catal\u00e1n<\/p>\n\n\n\n<p>Int\u00e9rpretes:&nbsp;Carolina Yuste, Cristina Hoyos, David Verdaguer, Jordi Corominas, Marina Salas, Pedro Casablanc, Ramon Fontser\u00e8.<\/p>\n\n\n\n<p><strong>SINOPSIS<\/strong><\/p>\n\n\n\n<p>Eugenio Jofra, un joven joyero, conoce a Conchita en un autob\u00fas de l\u00ednea. La atracci\u00f3n es instant\u00e1nea y los dos empiezan la historia de amor de sus vidas. Eugenio aprende a tocar la guitarra para acompa\u00f1ar a Conchita, para lo cual tendr\u00e1 que luchar contra el miedo esc\u00e9nico.<\/p>\n\n\n\n<p>Empieza as\u00ed la carrera musical de los dos. Cuando Conchita se tiene que ausentar durante dos semanas de Barcelona, convence a Eugenio para que lleve las actuaciones a t\u00e9rmino a solas. Cuando vuelve, Eugenio ha acontecido un fen\u00f3meno del humor <em>underground<\/em> de la ciudad.<\/p>\n\n\n\n<p>Despacio, entre los dos ir\u00e1n construyendo el personaje: las ojeras, la camisa negra, el taburete, los pitillos y el vaso de tubo, que se convertir\u00e1 en un \u00e9xito inesperado en una Espa\u00f1a deprimida que busca desesperadamente re\u00edrse con este singular c\u00f3mico que empieza todos sus chistes con \u201cSaben aquel\u2026\u201d. Como es habitual, el precio de la entrada ser\u00e1 de 4,5\u20ac (general) y 3\u20ac para los espectadores que presenten el carn\u00e9 de la Biblioteca p\u00fablica de la Bisbal del Pened\u00e8s. Los beneficios se destinar\u00e1n a la entidad que gestione la taquilla antes de la proyecci\u00f3n, en este caso la Colla Castellera de la Bisbal del Pened\u00e8s &#8211; Bous.<\/p>\n","protected":false},"excerpt":{"rendered":"<p>El dissabte 27 d&#8217;abril, a les 19h, l\u2019Auditori Salb\u00e0 del CMC acollir\u00e0 la projecci\u00f3 del film \u201cSaben aquell\u201d del Cicle Gaud\u00ed. FITXA T\u00c8CNICA Direcci\u00f3:&nbsp;David Trueba Gui\u00f3: David Trueba, Albert Espinosa &hellip; <a href=\"https:\/\/bisbalpenedes.com\/web\/2024\/04\/15\/el-dissabte-27-dabril-a-les-19h-el-cmc-acollira-la-projeccio-de-la-pellicula-saben-aquell-del-cicle-gaudi\/\" class=\"more-link\">Read More<\/a><\/p>\n","protected":false},"author":4,"featured_media":29522,"comment_status":"closed","ping_status":"closed","sticky":false,"template":"","format":"standard","meta":[],"categories":[2293,2942,13,8],"tags":[459,6578,1163,6577,393,1374],"_links":{"self":[{"href":"https:\/\/bisbalpenedes.com\/web\/wp-json\/wp\/v2\/posts\/29874"}],"collection":[{"href":"https:\/\/bisbalpenedes.com\/web\/wp-json\/wp\/v2\/posts"}],"about":[{"href":"https:\/\/bisbalpenedes.com\/web\/wp-json\/wp\/v2\/types\/post"}],"author":[{"embeddable":true,"href":"https:\/\/bisbalpenedes.com\/web\/wp-json\/wp\/v2\/users\/4"}],"replies":[{"embeddable":true,"href":"https:\/\/bisbalpenedes.com\/web\/wp-json\/wp\/v2\/comments?post=29874"}],"version-history":[{"count":2,"href":"https:\/\/bisbalpenedes.com\/web\/wp-json\/wp\/v2\/posts\/29874\/revisions"}],"predecessor-version":[{"id":29877,"href":"https:\/\/bisbalpenedes.com\/web\/wp-json\/wp\/v2\/posts\/29874\/revisions\/29877"}],"wp:featuredmedia":[{"embeddable":true,"href":"https:\/\/bisbalpenedes.com\/web\/wp-json\/wp\/v2\/media\/29522"}],"wp:attachment":[{"href":"https:\/\/bisbalpenedes.com\/web\/wp-json\/wp\/v2\/media?parent=29874"}],"wp:term":[{"taxonomy":"category","embeddable":true,"href":"https:\/\/bisbalpenedes.com\/web\/wp-json\/wp\/v2\/categories?post=29874"},{"taxonomy":"post_tag","embeddable":true,"href":"https:\/\/bisbalpenedes.com\/web\/wp-json\/wp\/v2\/tags?post=29874"}],"curies":[{"name":"wp","href":"https:\/\/api.w.org\/{rel}","templated":true}]}}