{"id":2987,"date":"2017-08-01T00:04:20","date_gmt":"2017-07-31T18:04:20","guid":{"rendered":"http:\/\/bisbalpenedes.com\/web\/?p=2987"},"modified":"2017-08-01T00:04:20","modified_gmt":"2017-07-31T18:04:20","slug":"han-comencat-les-obres-de-descontaminacio-del-terreny-on-subicara-el-futur-parquing-dautobusos-de-lies","status":"publish","type":"post","link":"https:\/\/bisbalpenedes.com\/web\/2017\/08\/01\/han-comencat-les-obres-de-descontaminacio-del-terreny-on-subicara-el-futur-parquing-dautobusos-de-lies\/","title":{"rendered":"Han comen\u00e7at les obres de descontaminaci\u00f3 del terreny on s&#8217;ubicar\u00e0 el futur p\u00e0rquing d&#8217;autobusos de l&#8217;IES"},"content":{"rendered":"<p><a href=\"http:\/\/bisbalpenedes.com\/web\/wp-content\/uploads\/2017\/08\/maguy-neteja-terrenys.jpg\"><img loading=\"lazy\" class=\"aligncenter size-large wp-image-2988\" title=\"maguy neteja terrenys p\u00e0rquing autocar\" src=\"http:\/\/bisbalpenedes.com\/web\/wp-content\/uploads\/2017\/08\/maguy-neteja-terrenys-1024x768.jpg\" alt=\"\" width=\"630\" height=\"472\" srcset=\"https:\/\/bisbalpenedes.com\/web\/wp-content\/uploads\/2017\/08\/maguy-neteja-terrenys-1024x768.jpg 1024w, https:\/\/bisbalpenedes.com\/web\/wp-content\/uploads\/2017\/08\/maguy-neteja-terrenys-600x450.jpg 600w, https:\/\/bisbalpenedes.com\/web\/wp-content\/uploads\/2017\/08\/maguy-neteja-terrenys-300x225.jpg 300w, https:\/\/bisbalpenedes.com\/web\/wp-content\/uploads\/2017\/08\/maguy-neteja-terrenys.jpg 1600w\" sizes=\"(max-width: 630px) 100vw, 630px\" \/><\/a><\/p>\n<p>La Regidoria d&#8217;Ensenyament informa que avui dilluns 31 de juliol han comen\u00e7at les obres de descontaminaci\u00f3 del terreny on s\u2019ha d\u2019ubicar el futur p\u00e0rquing d\u2019autobusos de l\u2019IES Coster de la Torre. Durant els dies que durin les tasques s\u2019ompliran de formig\u00f3 els dip\u00f2sits soterrats per garantir la plena seguretat de l\u2019aparcament. Aquestes tasques estan pressupostades en 13.672,37\u20ac i estan contemplades en la partida pressupost\u00e0ria que finalment es dedicar\u00e0 a aquest aparcament. Una vegada finalitzi aquest procediment obligatori es continuar\u00e0 amb la licitaci\u00f3 urgent de l\u2019obra de construcci\u00f3 del p\u00e0rquing.<\/p>\n<p>Recordem que al ple del passat dilluns 19 de juny es va aprovar, per unanimitat, la modificaci\u00f3 de cr\u00e8dit 2\/2017 de pressupost del 2017. Des de la regidoria d\u2019Ensenyament es proposava solucionar el problema de circulaci\u00f3 i de seguretat a les arribades i sortides d\u2019autocars de l\u2019institut. \u00c9s per aix\u00f2 que es van comen\u00e7ar a dur a terme negociacions per adquirir un terreny i fer-hi un aparcament per als nou autocars de l\u2019institut, de manera que no qued\u00e9s la circulaci\u00f3 tallada per a les fam\u00edlies que van en cotxe a l\u2019institut ni per als usuaris del Punt Verd.<\/p>\n<p>Per a m\u00e9s informaci\u00f3 sobre el ple del passat 19 de juny podeu consultar el seg\u00fcent enlla\u00e7: <a href=\"http:\/\/bisbalpenedes.com\/web\/2017\/06\/21\/punts-tractats-al-ple-del-19-de-juny-i-resultat-de-la-votacio-dels-regidors\/\">http:\/\/bisbalpenedes.com\/web\/2017\/06\/21\/punts-tractats-al-ple-del-19-de-juny-i-resultat-de-la-votacio-dels-regidors\/<\/a><\/p>\n","protected":false},"excerpt":{"rendered":"<p>La Regidoria d&#8217;Ensenyament informa que avui dilluns 31 de juliol han comen\u00e7at les obres de descontaminaci\u00f3 del terreny on s\u2019ha d\u2019ubicar el futur p\u00e0rquing d\u2019autobusos de l\u2019IES Coster de la &hellip; <a href=\"https:\/\/bisbalpenedes.com\/web\/2017\/08\/01\/han-comencat-les-obres-de-descontaminacio-del-terreny-on-subicara-el-futur-parquing-dautobusos-de-lies\/\" class=\"more-link\">Read More<\/a><\/p>\n","protected":false},"author":4,"featured_media":2988,"comment_status":"closed","ping_status":"closed","sticky":false,"template":"","format":"standard","meta":[],"categories":[16],"tags":[331,727,725,332,724,274,726,361,723,92],"_links":{"self":[{"href":"https:\/\/bisbalpenedes.com\/web\/wp-json\/wp\/v2\/posts\/2987"}],"collection":[{"href":"https:\/\/bisbalpenedes.com\/web\/wp-json\/wp\/v2\/posts"}],"about":[{"href":"https:\/\/bisbalpenedes.com\/web\/wp-json\/wp\/v2\/types\/post"}],"author":[{"embeddable":true,"href":"https:\/\/bisbalpenedes.com\/web\/wp-json\/wp\/v2\/users\/4"}],"replies":[{"embeddable":true,"href":"https:\/\/bisbalpenedes.com\/web\/wp-json\/wp\/v2\/comments?post=2987"}],"version-history":[{"count":2,"href":"https:\/\/bisbalpenedes.com\/web\/wp-json\/wp\/v2\/posts\/2987\/revisions"}],"predecessor-version":[{"id":2990,"href":"https:\/\/bisbalpenedes.com\/web\/wp-json\/wp\/v2\/posts\/2987\/revisions\/2990"}],"wp:featuredmedia":[{"embeddable":true,"href":"https:\/\/bisbalpenedes.com\/web\/wp-json\/wp\/v2\/media\/2988"}],"wp:attachment":[{"href":"https:\/\/bisbalpenedes.com\/web\/wp-json\/wp\/v2\/media?parent=2987"}],"wp:term":[{"taxonomy":"category","embeddable":true,"href":"https:\/\/bisbalpenedes.com\/web\/wp-json\/wp\/v2\/categories?post=2987"},{"taxonomy":"post_tag","embeddable":true,"href":"https:\/\/bisbalpenedes.com\/web\/wp-json\/wp\/v2\/tags?post=2987"}],"curies":[{"name":"wp","href":"https:\/\/api.w.org\/{rel}","templated":true}]}}