{"id":29866,"date":"2024-04-15T18:23:38","date_gmt":"2024-04-15T16:23:38","guid":{"rendered":"https:\/\/bisbalpenedes.com\/web\/?p=29866"},"modified":"2024-04-15T18:23:38","modified_gmt":"2024-04-15T16:23:38","slug":"saprova-la-modificacio-del-contracte-de-les-obres-de-millora-de-les-infraestructures-de-la-riba","status":"publish","type":"post","link":"https:\/\/bisbalpenedes.com\/web\/2024\/04\/15\/saprova-la-modificacio-del-contracte-de-les-obres-de-millora-de-les-infraestructures-de-la-riba\/","title":{"rendered":"S&#8217;aprova la modificaci\u00f3 del contracte de les obres de millora de les infraestructures de la Riba"},"content":{"rendered":"\n<p>La Junta de Govern Local d&#8217;aquest dilluns 15 d&#8217;abril ha aprovat una proposta que \u00e9s compet\u00e8ncia del Ple delegada a la Junta de Govern local mitjan\u00e7ant acord plenari del 6 de juliol de 2023: la modificaci\u00f3 del contracte de les obres de millora d&#8217;infraestructures al barri de la Riba.<\/p>\n\n\n\n<p>Fins a la data d&#8217;avui, s&#8217;han aprovat tres certificacions d&#8217;obra, per un total de 77.357,52\u20ac (IVA incl\u00f2s). Ara, a proposta de la direcci\u00f3 d&#8217;obra, s&#8217;ha plantejat la modificaci\u00f3 del contracte amb l&#8217;objectiu d&#8217;adequar els preus i el termini. Aquesta modificaci\u00f3 \u00e9s per un import de 110.549,98\u20ac (IVA incl\u00f2s) i, a banda d&#8217;ampliar el termini de finalitzaci\u00f3 de les obres fins al setembre, modifica algunes partides de l&#8217;obra per l&#8217;excavaci\u00f3 de rases de forma manual en algunes zones; la col\u00b7locaci\u00f3 d&#8217;arquetes de registre a la cal\u00e7ada; estableix preus nous per a la instal\u00b7laci\u00f3 de la canonada d&#8217;aigua a la paret del pont, ja que es feia inviable obrir la rasa pel centre del pont; substituir els embornals de recollida d&#8217;aig\u00fces pluvials al carrer Santa Cristina i el fresat de la superf\u00edcie de l&#8217;asfalt i el formig\u00f3, entre d&#8217;altres.<\/p>\n\n\n\n<p>Les sessions de la Junta de Govern no s\u00f3n p\u00fabliques, per\u00f2 quan actua en compet\u00e8ncies delegades del Ple, les sessions se sotmeten als mateixos requisits de publicitat que les sessions del Ple, que s\u00ed s\u00f3n p\u00fabliques. Per aquest motiu, el punt de l&#8217;ordre del dia s&#8217;ha gravat i podeu veure el v\u00eddeo aqu\u00ed:&nbsp;<a href=\"https:\/\/actes.bisbalpenedes.com\/session\/sessionDetail\/8a8080848acca6ef018ee1656f09008d\" target=\"_blank\" rel=\"noreferrer noopener\">https:\/\/actes.bisbalpenedes.com\/session\/sessionDetail\/8a8080848acca6ef018ee1656f09008d<\/a><\/p>\n\n\n\n<hr class=\"wp-block-separator has-alpha-channel-opacity\"\/>\n\n\n\n<p><strong>CASTELLANO |<\/strong>&nbsp;La Junta de Gobierno Local de este lunes 15 de abril ha aprobado una propuesta que es competencia del Pleno delegada a la Junta de Gobierno local mediante acuerdo plenario del 6 de julio de 2023: la modificaci\u00f3n del contrato de las obras de mejora de infraestructuras en el barrio de la Riba.<\/p>\n\n\n\n<p>Hasta la fecha de hoy, se han aprobado tres certificaciones de obra, por un total de 77.357,52\u20ac (IVA incluido). Ahora, a propuesta de la direcci\u00f3n de obra, se ha planteado la modificaci\u00f3n del contrato con el objetivo de adecuar los precios y el plazo. Esta modificaci\u00f3n es por un importe de 110.549,98\u20ac (IVA incluido) y, aparte de ampliar el plazo de finalizaci\u00f3n de las obras hasta el mes de septiembre, modifica algunas partidas de la obra por la excavaci\u00f3n de zanjas de forma manual en algunas zonas; incluye la colocaci\u00f3n de arquetas de registro en la calzada; establece precios nuevos para la instalaci\u00f3n de la tuber\u00eda de agua en la pared del puente, ya que se hac\u00eda inviable abrir la zanja por el centro del puente; incluye los sumideros de recogida de aguas pluviales en la calle Santa Cristina y el fresado de la superficie del asfalto y el hormig\u00f3n, entre otros.<\/p>\n\n\n\n<p>Las sesiones de la Junta de Gobierno no son p\u00fablicas, pero cuando act\u00faa en competencias delegadas del Pleno, las sesiones se someten a los mismos requisitos de publicidad que las sesiones del Pleno, que s\u00ed son p\u00fablicas. Por este motivo, el punto del orden del d\u00eda se ha grabado y pod\u00e9is ver el v\u00eddeo aqu\u00ed:&nbsp;<a href=\"https:\/\/actes.bisbalpenedes.com\/session\/sessionDetail\/8a8080848acca6ef018ee1656f09008d\" target=\"_blank\" rel=\"noreferrer noopener\">https:\/\/actes.bisbalpenedes.com\/session\/sessionDetail\/8a8080848acca6ef018ee1656f09008d<\/a><\/p>\n","protected":false},"excerpt":{"rendered":"<p>La Junta de Govern Local d&#8217;aquest dilluns 15 d&#8217;abril ha aprovat una proposta que \u00e9s compet\u00e8ncia del Ple delegada a la Junta de Govern local mitjan\u00e7ant acord plenari del 6 &hellip; <a href=\"https:\/\/bisbalpenedes.com\/web\/2024\/04\/15\/saprova-la-modificacio-del-contracte-de-les-obres-de-millora-de-les-infraestructures-de-la-riba\/\" class=\"more-link\">Read More<\/a><\/p>\n","protected":false},"author":4,"featured_media":29867,"comment_status":"closed","ping_status":"closed","sticky":false,"template":"","format":"standard","meta":[],"categories":[3085,8,15],"tags":[4175,974,686,393,1337,4074,21,139],"_links":{"self":[{"href":"https:\/\/bisbalpenedes.com\/web\/wp-json\/wp\/v2\/posts\/29866"}],"collection":[{"href":"https:\/\/bisbalpenedes.com\/web\/wp-json\/wp\/v2\/posts"}],"about":[{"href":"https:\/\/bisbalpenedes.com\/web\/wp-json\/wp\/v2\/types\/post"}],"author":[{"embeddable":true,"href":"https:\/\/bisbalpenedes.com\/web\/wp-json\/wp\/v2\/users\/4"}],"replies":[{"embeddable":true,"href":"https:\/\/bisbalpenedes.com\/web\/wp-json\/wp\/v2\/comments?post=29866"}],"version-history":[{"count":1,"href":"https:\/\/bisbalpenedes.com\/web\/wp-json\/wp\/v2\/posts\/29866\/revisions"}],"predecessor-version":[{"id":29868,"href":"https:\/\/bisbalpenedes.com\/web\/wp-json\/wp\/v2\/posts\/29866\/revisions\/29868"}],"wp:featuredmedia":[{"embeddable":true,"href":"https:\/\/bisbalpenedes.com\/web\/wp-json\/wp\/v2\/media\/29867"}],"wp:attachment":[{"href":"https:\/\/bisbalpenedes.com\/web\/wp-json\/wp\/v2\/media?parent=29866"}],"wp:term":[{"taxonomy":"category","embeddable":true,"href":"https:\/\/bisbalpenedes.com\/web\/wp-json\/wp\/v2\/categories?post=29866"},{"taxonomy":"post_tag","embeddable":true,"href":"https:\/\/bisbalpenedes.com\/web\/wp-json\/wp\/v2\/tags?post=29866"}],"curies":[{"name":"wp","href":"https:\/\/api.w.org\/{rel}","templated":true}]}}