{"id":29854,"date":"2024-04-15T16:45:44","date_gmt":"2024-04-15T14:45:44","guid":{"rendered":"https:\/\/bisbalpenedes.com\/web\/?p=29854"},"modified":"2024-04-15T16:47:17","modified_gmt":"2024-04-15T14:47:17","slug":"el-sopar-de-la-fam-ha-comptat-amb-lassistencia-de-setanta-dues-persones","status":"publish","type":"post","link":"https:\/\/bisbalpenedes.com\/web\/2024\/04\/15\/el-sopar-de-la-fam-ha-comptat-amb-lassistencia-de-setanta-dues-persones\/","title":{"rendered":"El \u2018Sopar de la fam\u2019 ha comptat amb l\u2019assist\u00e8ncia de setanta-dues persones i ha recaptat 1.170\u20ac per a l&#8217;ONG Mans Unides"},"content":{"rendered":"\n<p>&nbsp;Aquest dissabte 13 d\u2019abril s\u2019ha celebrat el \u2018Sopar de la fam\u2019 al Centre Municipal de Cultura, organitzat des de la Parr\u00f2quia de Santa Maria de la Bisbal. L\u2019\u00e0pat ha comptat amb la participaci\u00f3 de setanta-dues persones i s\u2019ha fet gr\u00e0cies a les donacions dels comer\u00e7os i establiments del municipi (Agro-Verd, Supermercat Jaume, Forn Les Escales, Cal Perebusquet, Set d\u2019oli de Figuerola del Camp, Supermercat Esclat del Vendrell i Salses &amp; Fruits SP de Figuerola del Camp), l\u2019Associaci\u00f3 de Dones La Roca Foradada, Senderistes Bisbalencs i l\u2019Ajuntament de la Bisbal del Pened\u00e8s. En total, s\u2019han recaptat 1.170\u20ac per a l\u2019ONG Mans Unides, comptant l\u2019import dels sopars, de la \u201ctaula 0\u201d i dels donatius.<\/p>\n\n\n\n<p>L\u2019objectiu de l\u2019esdeveniment era el de recaptar fons per frenar la desigualtat que pateixen moltes comunitats dels pa\u00efsos en vies de desenvolupament. Per aquest motiu, els beneficis obtinguts aniran a parar a l\u2019ONG Mans Unides, que els destinar\u00e0 al projecte de desenvolupament <a href=\"https:\/\/www.mansunides.org\/projecte\/millora-les-condicions-vida-poblacio-rural-20-llogarets-gosaba-i-basant-india\" target=\"_blank\" rel=\"noreferrer noopener\">&#8220;Millora de les condicions de vida de la poblaci\u00f3 rural a 20 llogarets a GOSABA BASANT&#8221;<\/a>&nbsp;(\u00cdndia).&nbsp;<\/p>\n\n\n\n<p>Val a dir que, en acabar el sopar, el cantant \u201cAleix\u201d d\u2019Alcover va fer una actuaci\u00f3 musical. El jove m\u00fasic col\u00b7labora en els Sopars de la Fam a benefici de Mans Unides des de fa 2 anys.<\/p>\n\n\n\n<figure class=\"wp-container-2 wp-block-gallery-1 wp-block-gallery has-nested-images columns-default is-cropped\">\n<figure class=\"wp-block-image size-large\"><img loading=\"lazy\" width=\"1280\" height=\"960\" data-id=\"29856\"  src=\"https:\/\/bisbalpenedes.com\/web\/wp-content\/uploads\/2024\/04\/IMG_4207-a-mida-gran.jpeg\" alt=\"\" class=\"wp-image-29856\" srcset=\"https:\/\/bisbalpenedes.com\/web\/wp-content\/uploads\/2024\/04\/IMG_4207-a-mida-gran.jpeg 1280w, https:\/\/bisbalpenedes.com\/web\/wp-content\/uploads\/2024\/04\/IMG_4207-a-mida-gran-300x225.jpeg 300w, https:\/\/bisbalpenedes.com\/web\/wp-content\/uploads\/2024\/04\/IMG_4207-a-mida-gran-1024x768.jpeg 1024w, https:\/\/bisbalpenedes.com\/web\/wp-content\/uploads\/2024\/04\/IMG_4207-a-mida-gran-768x576.jpeg 768w, https:\/\/bisbalpenedes.com\/web\/wp-content\/uploads\/2024\/04\/IMG_4207-a-mida-gran-600x450.jpeg 600w\" sizes=\"(max-width: 1280px) 100vw, 1280px\" \/><\/figure>\n\n\n\n<figure class=\"wp-block-image size-large\"><img loading=\"lazy\" width=\"1280\" height=\"960\" data-id=\"29858\"  src=\"https:\/\/bisbalpenedes.com\/web\/wp-content\/uploads\/2024\/04\/IMG_4211-a-mida-gran.jpeg\" alt=\"\" class=\"wp-image-29858\" srcset=\"https:\/\/bisbalpenedes.com\/web\/wp-content\/uploads\/2024\/04\/IMG_4211-a-mida-gran.jpeg 1280w, https:\/\/bisbalpenedes.com\/web\/wp-content\/uploads\/2024\/04\/IMG_4211-a-mida-gran-300x225.jpeg 300w, https:\/\/bisbalpenedes.com\/web\/wp-content\/uploads\/2024\/04\/IMG_4211-a-mida-gran-1024x768.jpeg 1024w, https:\/\/bisbalpenedes.com\/web\/wp-content\/uploads\/2024\/04\/IMG_4211-a-mida-gran-768x576.jpeg 768w, https:\/\/bisbalpenedes.com\/web\/wp-content\/uploads\/2024\/04\/IMG_4211-a-mida-gran-600x450.jpeg 600w\" sizes=\"(max-width: 1280px) 100vw, 1280px\" \/><\/figure>\n\n\n\n<figure class=\"wp-block-image size-large\"><img loading=\"lazy\" width=\"1280\" height=\"960\" data-id=\"29860\"  src=\"https:\/\/bisbalpenedes.com\/web\/wp-content\/uploads\/2024\/04\/LOUC8067-a-mida-gran.jpeg\" alt=\"\" class=\"wp-image-29860\" srcset=\"https:\/\/bisbalpenedes.com\/web\/wp-content\/uploads\/2024\/04\/LOUC8067-a-mida-gran.jpeg 1280w, https:\/\/bisbalpenedes.com\/web\/wp-content\/uploads\/2024\/04\/LOUC8067-a-mida-gran-300x225.jpeg 300w, https:\/\/bisbalpenedes.com\/web\/wp-content\/uploads\/2024\/04\/LOUC8067-a-mida-gran-1024x768.jpeg 1024w, https:\/\/bisbalpenedes.com\/web\/wp-content\/uploads\/2024\/04\/LOUC8067-a-mida-gran-768x576.jpeg 768w, https:\/\/bisbalpenedes.com\/web\/wp-content\/uploads\/2024\/04\/LOUC8067-a-mida-gran-600x450.jpeg 600w\" sizes=\"(max-width: 1280px) 100vw, 1280px\" \/><\/figure>\n\n\n\n<figure class=\"wp-block-image size-large\"><img loading=\"lazy\" width=\"1280\" height=\"960\" data-id=\"29861\"  src=\"https:\/\/bisbalpenedes.com\/web\/wp-content\/uploads\/2024\/04\/WXQY1473-a-mida-gran.jpeg\" alt=\"\" class=\"wp-image-29861\" srcset=\"https:\/\/bisbalpenedes.com\/web\/wp-content\/uploads\/2024\/04\/WXQY1473-a-mida-gran.jpeg 1280w, https:\/\/bisbalpenedes.com\/web\/wp-content\/uploads\/2024\/04\/WXQY1473-a-mida-gran-300x225.jpeg 300w, https:\/\/bisbalpenedes.com\/web\/wp-content\/uploads\/2024\/04\/WXQY1473-a-mida-gran-1024x768.jpeg 1024w, https:\/\/bisbalpenedes.com\/web\/wp-content\/uploads\/2024\/04\/WXQY1473-a-mida-gran-768x576.jpeg 768w, https:\/\/bisbalpenedes.com\/web\/wp-content\/uploads\/2024\/04\/WXQY1473-a-mida-gran-600x450.jpeg 600w\" sizes=\"(max-width: 1280px) 100vw, 1280px\" \/><\/figure>\n\n\n\n<figure class=\"wp-block-image size-large\"><img loading=\"lazy\" width=\"1280\" height=\"960\" data-id=\"29859\"  src=\"https:\/\/bisbalpenedes.com\/web\/wp-content\/uploads\/2024\/04\/IMG_4216-a-mida-gran.jpeg\" alt=\"\" class=\"wp-image-29859\" srcset=\"https:\/\/bisbalpenedes.com\/web\/wp-content\/uploads\/2024\/04\/IMG_4216-a-mida-gran.jpeg 1280w, https:\/\/bisbalpenedes.com\/web\/wp-content\/uploads\/2024\/04\/IMG_4216-a-mida-gran-300x225.jpeg 300w, https:\/\/bisbalpenedes.com\/web\/wp-content\/uploads\/2024\/04\/IMG_4216-a-mida-gran-1024x768.jpeg 1024w, https:\/\/bisbalpenedes.com\/web\/wp-content\/uploads\/2024\/04\/IMG_4216-a-mida-gran-768x576.jpeg 768w, https:\/\/bisbalpenedes.com\/web\/wp-content\/uploads\/2024\/04\/IMG_4216-a-mida-gran-600x450.jpeg 600w\" sizes=\"(max-width: 1280px) 100vw, 1280px\" \/><\/figure>\n<\/figure>\n\n\n\n<hr class=\"wp-block-separator has-alpha-channel-opacity\"\/>\n\n\n\n<p><strong>CASTELLANO |<\/strong> Este s\u00e1bado 13 de abril se ha celebrado el \u201cSopar de la fam\u201d en el Centre Municipal de Cultura, organizado desde la Parr\u00f2quia de Santa Maria de la Bisbal. La cena ha contado con la participaci\u00f3n de setenta dos personas y se han hecho gracias a las donaciones de los comercios (Agro-Verd, Supermercat Jaume, Forn Les Escales, Cal Perebusquet, Set d\u2019oli de Figuerola del Camp, Supermercat Esclat del Vendrell y Salses &amp; Fruits SP de Figuerola del Camp) &nbsp;y establecimientos del municipio, la Associaci\u00f3 de Dones La Roca Foradada, Senderistes Bisbalencs y el Ajuntament de la Bisbal del Pened\u00e8s. En total, se han recaudado 1.170\u20ac para la ONG Mans Unides, contando el importe de las cenas, de la \u201cmesa 0\u201d y de los donativos.<\/p>\n\n\n\n<p>El objetivo del evento era el de recaudar fondos para frenar la desigualdad que sufren muchas comunidades de los pa\u00edses en v\u00edas de desarrollo. Por este motivo, los beneficios obtenidos ir\u00e1n a parar a la ONG Mans Unides, que se destinar\u00e1 al proyecto de desarrollo <a href=\"https:\/\/www.mansunides.org\/projecte\/millora-les-condicions-vida-poblacio-rural-20-llogarets-gosaba-i-basant-india\">\u201cMejora de las condiciones de vida de la poblaci\u00f3n rural a 20 aldeas en GOSABA BASANT\u201d<\/a> (India).<\/p>\n\n\n\n<p>Cabe decir que, al finalizar la cena, el cantante \u201cAleix\u201d de Alcover hizo una actuaci\u00f3n musical. El joven m\u00fasico colabora en los \u201cSopars de la fam\u201d a beneficio de Mans Unides desde hace 2 a\u00f1os.<\/p>\n","protected":false},"excerpt":{"rendered":"<p>&nbsp;Aquest dissabte 13 d\u2019abril s\u2019ha celebrat el \u2018Sopar de la fam\u2019 al Centre Municipal de Cultura, organitzat des de la Parr\u00f2quia de Santa Maria de la Bisbal. L\u2019\u00e0pat ha comptat &hellip; <a href=\"https:\/\/bisbalpenedes.com\/web\/2024\/04\/15\/el-sopar-de-la-fam-ha-comptat-amb-lassistencia-de-setanta-dues-persones\/\" class=\"more-link\">Read More<\/a><\/p>\n","protected":false},"author":4,"featured_media":29859,"comment_status":"closed","ping_status":"closed","sticky":false,"template":"","format":"standard","meta":[],"categories":[20,8,1043],"tags":[459,351,393,6549,5204,1374,373],"_links":{"self":[{"href":"https:\/\/bisbalpenedes.com\/web\/wp-json\/wp\/v2\/posts\/29854"}],"collection":[{"href":"https:\/\/bisbalpenedes.com\/web\/wp-json\/wp\/v2\/posts"}],"about":[{"href":"https:\/\/bisbalpenedes.com\/web\/wp-json\/wp\/v2\/types\/post"}],"author":[{"embeddable":true,"href":"https:\/\/bisbalpenedes.com\/web\/wp-json\/wp\/v2\/users\/4"}],"replies":[{"embeddable":true,"href":"https:\/\/bisbalpenedes.com\/web\/wp-json\/wp\/v2\/comments?post=29854"}],"version-history":[{"count":4,"href":"https:\/\/bisbalpenedes.com\/web\/wp-json\/wp\/v2\/posts\/29854\/revisions"}],"predecessor-version":[{"id":29864,"href":"https:\/\/bisbalpenedes.com\/web\/wp-json\/wp\/v2\/posts\/29854\/revisions\/29864"}],"wp:featuredmedia":[{"embeddable":true,"href":"https:\/\/bisbalpenedes.com\/web\/wp-json\/wp\/v2\/media\/29859"}],"wp:attachment":[{"href":"https:\/\/bisbalpenedes.com\/web\/wp-json\/wp\/v2\/media?parent=29854"}],"wp:term":[{"taxonomy":"category","embeddable":true,"href":"https:\/\/bisbalpenedes.com\/web\/wp-json\/wp\/v2\/categories?post=29854"},{"taxonomy":"post_tag","embeddable":true,"href":"https:\/\/bisbalpenedes.com\/web\/wp-json\/wp\/v2\/tags?post=29854"}],"curies":[{"name":"wp","href":"https:\/\/api.w.org\/{rel}","templated":true}]}}