{"id":29845,"date":"2024-04-12T18:38:39","date_gmt":"2024-04-12T16:38:39","guid":{"rendered":"https:\/\/bisbalpenedes.com\/web\/?p=29845"},"modified":"2024-04-12T18:38:39","modified_gmt":"2024-04-12T16:38:39","slug":"ahir-dijous-es-va-celebrar-la-reunio-mensual-de-cultura-del-baix-penedes-a-larxiu-comarcal-la-trobada-va-comptar-amb-la-presencia-de-dues-regidores-i-un-tecnic-de-lajuntament-de-la-bisbal-del-pe","status":"publish","type":"post","link":"https:\/\/bisbalpenedes.com\/web\/2024\/04\/12\/ahir-dijous-es-va-celebrar-la-reunio-mensual-de-cultura-del-baix-penedes-a-larxiu-comarcal-la-trobada-va-comptar-amb-la-presencia-de-dues-regidores-i-un-tecnic-de-lajuntament-de-la-bisbal-del-pe\/","title":{"rendered":"Ahir dijous es va celebrar la reuni\u00f3 mensual de cultura del Baix Pened\u00e8s a l&#8217;Arxiu Comarcal &#8211; La trobada va comptar amb la pres\u00e8ncia de dues regidores i un t\u00e8cnic de l&#8217;Ajuntament de la Bisbal del Pened\u00e8s"},"content":{"rendered":"\n<p>Ahir dijous es va celebrar la reuni\u00f3 mensual de cultura del Baix Pened\u00e8s, convocada pel conseller Josep R\u00e0fols. La trobada va comptar amb l\u2019assist\u00e8ncia de la regidora Bisbalenca, Judith Vidal; la regidora Paqui Cepas; i el t\u00e8cnic de Cultura, Jordi Ferran. La trobada es va fer a l\u2019Arxiu Comarcal del Baix Pened\u00e8s i va comptar amb la pres\u00e8ncia de l\u2019actriu Rosa Andreu, que va presentar la \u201cRoda de teatre\u201d de la coordinadora de grups amateurs de Teatre del Baix Pened\u00e8s. La directora de l\u2019arxiu, Nativitat Castej\u00f3n, va fer una visita a l\u2019arxiu perqu\u00e8 tots els t\u00e8cnics i regidors de cultura de la comarca el coneguessin i va explicar-los el funcionament del portal Arxius en l\u00ednia.<\/p>\n\n\n\n<hr class=\"wp-block-separator has-alpha-channel-opacity\"\/>\n\n\n\n<p>CASTELLANO | Ayer jueves se celebr\u00f3 la reuni\u00f3n mensual de cultura del Baix Pened\u00e8s, convocada por el \u2018conseller\u2019 Josep R\u00e0fols. El encuentro cont\u00f3 con la asistencia de la concejala bisbalenca, Judith Vidal; la concejala Paqui Cepas y el t\u00e9cnico de cultura, Jordi Ferran. El encuentro se hizo en el Arxiu Comarcal del Baix Pened\u00e8s y cont\u00f3 con la presencia de la actriz Rosa Andreu, que present\u00f3 la \u201croda de teatre\u201d de la coordinadora de grupos amateurs de teatro del BAix Pened\u00e8s. La directora del archivo, Nativitat Castej\u00f3n, hizo una visita al archivo par que todos los t\u00e9cnicos y concejales de cultura de la comarca lo conociesen y les explic\u00f3 el funcionamiento del portal Arxius en l\u00ednia.<\/p>\n\n\n\n<p><\/p>\n","protected":false},"excerpt":{"rendered":"<p>Ahir dijous es va celebrar la reuni\u00f3 mensual de cultura del Baix Pened\u00e8s, convocada pel conseller Josep R\u00e0fols. La trobada va comptar amb l\u2019assist\u00e8ncia de la regidora Bisbalenca, Judith Vidal; &hellip; <a href=\"https:\/\/bisbalpenedes.com\/web\/2024\/04\/12\/ahir-dijous-es-va-celebrar-la-reunio-mensual-de-cultura-del-baix-penedes-a-larxiu-comarcal-la-trobada-va-comptar-amb-la-presencia-de-dues-regidores-i-un-tecnic-de-lajuntament-de-la-bisbal-del-pe\/\" class=\"more-link\">Read More<\/a><\/p>\n","protected":false},"author":4,"featured_media":29846,"comment_status":"closed","ping_status":"closed","sticky":false,"template":"","format":"standard","meta":[],"categories":[8],"tags":[6034,459,393,1374],"_links":{"self":[{"href":"https:\/\/bisbalpenedes.com\/web\/wp-json\/wp\/v2\/posts\/29845"}],"collection":[{"href":"https:\/\/bisbalpenedes.com\/web\/wp-json\/wp\/v2\/posts"}],"about":[{"href":"https:\/\/bisbalpenedes.com\/web\/wp-json\/wp\/v2\/types\/post"}],"author":[{"embeddable":true,"href":"https:\/\/bisbalpenedes.com\/web\/wp-json\/wp\/v2\/users\/4"}],"replies":[{"embeddable":true,"href":"https:\/\/bisbalpenedes.com\/web\/wp-json\/wp\/v2\/comments?post=29845"}],"version-history":[{"count":1,"href":"https:\/\/bisbalpenedes.com\/web\/wp-json\/wp\/v2\/posts\/29845\/revisions"}],"predecessor-version":[{"id":29847,"href":"https:\/\/bisbalpenedes.com\/web\/wp-json\/wp\/v2\/posts\/29845\/revisions\/29847"}],"wp:featuredmedia":[{"embeddable":true,"href":"https:\/\/bisbalpenedes.com\/web\/wp-json\/wp\/v2\/media\/29846"}],"wp:attachment":[{"href":"https:\/\/bisbalpenedes.com\/web\/wp-json\/wp\/v2\/media?parent=29845"}],"wp:term":[{"taxonomy":"category","embeddable":true,"href":"https:\/\/bisbalpenedes.com\/web\/wp-json\/wp\/v2\/categories?post=29845"},{"taxonomy":"post_tag","embeddable":true,"href":"https:\/\/bisbalpenedes.com\/web\/wp-json\/wp\/v2\/tags?post=29845"}],"curies":[{"name":"wp","href":"https:\/\/api.w.org\/{rel}","templated":true}]}}