{"id":29840,"date":"2024-04-12T17:29:54","date_gmt":"2024-04-12T15:29:54","guid":{"rendered":"https:\/\/bisbalpenedes.com\/web\/?p=29840"},"modified":"2024-04-12T17:29:54","modified_gmt":"2024-04-12T15:29:54","slug":"lajuntament-la-cambra-de-comerc-i-les-empreses-de-les-planes-i-les-planes-baixes-shan-reunit-aquest-dijous-per-abordar-larea-de-recursos-humans-del-pla-dimpuls-de","status":"publish","type":"post","link":"https:\/\/bisbalpenedes.com\/web\/2024\/04\/12\/lajuntament-la-cambra-de-comerc-i-les-empreses-de-les-planes-i-les-planes-baixes-shan-reunit-aquest-dijous-per-abordar-larea-de-recursos-humans-del-pla-dimpuls-de\/","title":{"rendered":"<strong>L\u2019Ajuntament, la Cambra de Comer\u00e7 i les empreses de Les Planes i Les Planes Baixes s\u2019han reunit aquest dijous per abordar l\u2019\u00e0rea de Recursos Humans del Pla d\u2019impuls de l\u2019activitat econ\u00f2mica<\/strong>"},"content":{"rendered":"\n<p>L\u2019Ajuntament de la Bisbal del Pened\u00e8s i la Cambra de Comer\u00e7 de Tarragona continuen treballant amb les empreses de les Planes i les Planes Baixes en el marc del Pla d\u2019impuls de l\u2019activitat econ\u00f2mica dels parcs empresarials bisbalencs. Per aquest motiu, aquest dijous 11 d\u2019abril al mat\u00ed s\u2019han reunit a la sala de plens de l\u2019Ajuntament de la Bisbal del Pened\u00e8s.<\/p>\n\n\n\n<p>L\u2019Ajuntament i la Cambra de Tarragona estan treballant en un pla d\u2019impuls de l\u2019activitat econ\u00f2mica de Les Planes i Les Planes Baixes de la Bisbal del Pened\u00e8s amb l\u2019objectiu de millorar globalment els parcs empresarials bisbalencs. Per aquest motiu, han creat diverses taules de treball: la taula energ\u00e8tica, la taula de serveis i la taula de recursos humans, que \u00e9s la que s\u2019ha reunit aquest dijous. La trobada ha comptat amb la pres\u00e8ncia dels responsables de recursos humans de les empreses Panattoni, ITSA, Bugaderia Neutral, Idiada i GCR Group. Les companyies han pogut exposar les seves necessitats i inquietuds amb l\u2019objectiu que les possibles solucions puguin formar part del Pla d\u2019impuls de l\u2019activitat econ\u00f2mica.<\/p>\n\n\n\n<p>Durant la trobada, s\u2019han destacat diverses q\u00fcestions: d\u2019una banda, la bona comunicaci\u00f3 per tr\u00e0nsit rodat de la Bisbal del Pened\u00e8s, per\u00f2 de l\u2019altra, s\u2019ha posat l\u2019accent en les dificultats per arribar al lloc de treball per a aquells treballadors que no disposen de vehicle propi; un altre tema que ha estat molt recurrent ha estat la manca de treballadors qualificats. Segons les empreses, amb l\u2019evoluci\u00f3 de la tecnologia, les automatitzacions, la mec\u00e0nica i la programaci\u00f3, cada vegada es fan m\u00e9s necessaris perfils professionals molt especialitzats i, en moltes ocasions, es fa dif\u00edcil trobar-los al territori. Per aquest motiu s\u2019ha posat molta \u00e8mfasi en la necessitat de formar professionalment els treballadors i, el fet de portar la formaci\u00f3 professional i ocupacional aix\u00ed com la FP Dual a la Bisbal podria ajudar a pal\u00b7liar aquest problema; en relaci\u00f3 amb els serveis, durant la reuni\u00f3 algunes empreses tamb\u00e9 han expressat la necessitat de disposar d\u2019algun espai per fer formacions i reunions a la zona industrial; i, finalment, tamb\u00e9 s\u2019ha comentat la necessitat d\u2019instal\u00b7lar punts de c\u00e0rrega per a vehicles el\u00e8ctrics als parcs empresarials.<\/p>\n\n\n\n<p>A m\u00e9s, durant el mat\u00ed, l\u2019empresa SPIN Vilanova ha fet una intervenci\u00f3 telem\u00e0tica per parlar de l\u2019Aplicatiu SPIN, per explicar com funciona el web quant a posar en contacte perfils professionals del SOM Bisbal amb les empreses, quan aquestes disposin d\u2019ofertes laborals. M\u00e9s tard, tamb\u00e9 s\u2019ha comptat amb la intervenci\u00f3 d\u2019AMTU, l\u2019Associaci\u00f3 de Municipis per la Mobilitat, que ha ofert informaci\u00f3 i assessorament sobre possibles solucions de transport per a la zona industrial.<\/p>\n\n\n\n<p>L\u2019alcaldessa de la Bisbal del Pened\u00e8s i responsable de l\u2019\u00e0rea d\u2019Ocupaci\u00f3, Agn\u00e8s Ferr\u00e9, ha explicat que <em>\u201cl\u2019Ajuntament de la Bisbal del Pened\u00e8s estudiar\u00e0 i treballar\u00e0 &nbsp;les propostes que s\u2019han plantejat durant la reuni\u00f3. De fet, l\u2019objectiu de la reuni\u00f3 era aquest. Penso que podem fer un balan\u00e7 molt positiu d\u2019aquesta trobada i, a m\u00e9s, hem compartit amb les empreses diversos projectes que tenim en marxa, com ara l\u2019Aula Mentor de formaci\u00f3, que entrar\u00e0 en servei aviat. Pr\u00f2ximament ens reunirem, de nou, amb les empreses. En aquest cas, per parlar d\u2019energia i sostenibilitat aix\u00ed com dels serveis que les empreses pensen que s\u00f3n necessaris a la Bisbal del Pened\u00e8s\u201d.<\/em><\/p>\n\n\n\n<p>Durant les pr\u00f2ximes setmanes es continuaran convocant taules de treball per continuar concretant idees i propostes.<\/p>\n\n\n\n<figure class=\"wp-block-image size-large\"><img loading=\"lazy\" width=\"1024\" height=\"768\" src=\"https:\/\/bisbalpenedes.com\/web\/wp-content\/uploads\/2024\/04\/IMG_7895-1-1024x768.jpeg\" alt=\"\" class=\"wp-image-29843\" srcset=\"https:\/\/bisbalpenedes.com\/web\/wp-content\/uploads\/2024\/04\/IMG_7895-1-1024x768.jpeg 1024w, https:\/\/bisbalpenedes.com\/web\/wp-content\/uploads\/2024\/04\/IMG_7895-1-300x225.jpeg 300w, https:\/\/bisbalpenedes.com\/web\/wp-content\/uploads\/2024\/04\/IMG_7895-1-768x576.jpeg 768w, https:\/\/bisbalpenedes.com\/web\/wp-content\/uploads\/2024\/04\/IMG_7895-1-1536x1152.jpeg 1536w, https:\/\/bisbalpenedes.com\/web\/wp-content\/uploads\/2024\/04\/IMG_7895-1-2048x1536.jpeg 2048w, https:\/\/bisbalpenedes.com\/web\/wp-content\/uploads\/2024\/04\/IMG_7895-1-600x450.jpeg 600w\" sizes=\"(max-width: 1024px) 100vw, 1024px\" \/><\/figure>\n\n\n\n<hr class=\"wp-block-separator has-alpha-channel-opacity\"\/>\n\n\n\n<p><strong>CASTELLANO |<\/strong> El Ajuntament de la Bisbal del Pened\u00e8s y la Cambra de Comer\u00e7 de Tarragona contin\u00faan trabajando con las empresas de Les Planes y las Planes Baixes en el marco del Plan de impulso de la actividad econ\u00f3mica de los parques empresariales bisbalencs. Por este motivo, este jueves 11 de abril por la ma\u00f1ana se han reunido en la sala de plenos del Ajuntament de la Bisbal del Pened\u00e8s.<\/p>\n\n\n\n<p>El Ayuntamiento y la Cambra de Tarragona est\u00e1n trabajando en un plan de impulso de la actividad econ\u00f3mica de Les Planes y Las Planes Baixes de la Bisbal del Pened\u00e8s con el objetivo de mejorar globalmente los parques empresariales bisbalencs. Por este motivo, han creado varias mesas de trabajo: la mesa energ\u00e9tica, la mesa de servicios y la mesa de recursos humanos, que es la que se ha reunido este jueves. El encuentro ha contado con la presencia de los responsables de recursos humanos de las empresas Panattoni, ITSA, Bugaderia Neutral, Idiada y GCR Group. Las compa\u00f1\u00edas han podido exponer sus necesidades e inquietudes con el objetivo que las posibles soluciones puedan formar parte del Plan de impulso de la actividad econ\u00f3mica.<\/p>\n\n\n\n<p>Durante el encuentro, se han destacado varias cuestiones: por un lado, la buena comunicaci\u00f3n por tr\u00e1fico rodado de la Bisbal del Pened\u00e8s, pero de la otra, se ha hecho hincapi\u00e9 en las dificultades para llegar al puesto de trabajo para aquellos trabajadores que no disponen de veh\u00edculo propio; otro tema que ha estado muy recurrente ha sido la carencia de trabajadores cualificados. Seg\u00fan las empresas, con la evoluci\u00f3n de la tecnolog\u00eda, las automatizaciones, la mec\u00e1nica y la programaci\u00f3n, cada vez se hacen m\u00e1s necesarios perfiles profesionales muy especializados y, en muchas ocasiones, se hace dif\u00edcil encontrarlos en el territorio. Por este motivo se ha puesto mucho \u00e9nfasis en la necesidad de formar profesionalmente los trabajadores y, el hecho de traer la formaci\u00f3n profesional y ocupacional as\u00ed como la FP Dual en la Bisbal podr\u00eda ayudar a paliar este problema; en relaci\u00f3n con los servicios, durante la reuni\u00f3n algunas empresas tambi\u00e9n han expresado la necesidad de disponer de alg\u00fan espacio para hacer formaciones y reuniones en la zona industrial; y, finalmente, tambi\u00e9n se ha comentado la necesidad de instalar puntos de carga para veh\u00edculos el\u00e9ctricos en los parques empresariales.<\/p>\n\n\n\n<p>Adem\u00e1s, durante la ma\u00f1ana, la empresa SPIN Vilanova ha hecho una intervenci\u00f3n telem\u00e1tica por habla del Aplicatiu SPIN, para explicar c\u00f3mo funciona la web en cuanto a poner contacto perfiles profesionales del SOM Bisbal con las empresas, cuando estas dispongan de ofertas laborales. M\u00e1s tarde, tambi\u00e9n se ha contado con la intervenci\u00f3n de AMTU, la Associaci\u00f3 de Municipis per la Mobilitat, que ha ofrecido informaci\u00f3n y asesoramiento sobre posibles soluciones de transporte para la zona industrial.<\/p>\n\n\n\n<p>La alcaldesa de la Bisbal del Pened\u00e8s y responsable del \u00e1rea de Ocupaci\u00f3n, Agn\u00e8s Ferr\u00e9, ha explicado que <em>\u201cel Ayuntamiento de la Bisbal del Pened\u00e8s estudiar\u00e1 y trabajar\u00e1 las propuestas que se han planteado durante la reuni\u00f3n. De hecho, el objetivo de la reuni\u00f3n era este. Pienso que podemos hacer un balance muy positivo de este encuentro y, adem\u00e1s, hemos compartido con las empresas varios proyectos que tenemos en marcha, como por ejemplo el Aula Mentor de formaci\u00f3n, que entrar\u00e1 en servicio pronto. Pr\u00f3ximamente nos reuniremos, de nuevo, con las empresas. En este caso, para hablar de energ\u00eda y sostenibilidad as\u00ed como de los servicios que las empresas piensan que son necesarios en la Bisbal del Pened\u00e8s\u201d.<\/em><\/p>\n\n\n\n<p>Durante las pr\u00f3ximas semanas se continuar\u00e1n convocando mesas de trabajo para continuar concretando ideas y propuestas.<\/p>\n","protected":false},"excerpt":{"rendered":"<p>L\u2019Ajuntament de la Bisbal del Pened\u00e8s i la Cambra de Comer\u00e7 de Tarragona continuen treballant amb les empreses de les Planes i les Planes Baixes en el marc del Pla &hellip; <a href=\"https:\/\/bisbalpenedes.com\/web\/2024\/04\/12\/lajuntament-la-cambra-de-comerc-i-les-empreses-de-les-planes-i-les-planes-baixes-shan-reunit-aquest-dijous-per-abordar-larea-de-recursos-humans-del-pla-dimpuls-de\/\" class=\"more-link\">Read More<\/a><\/p>\n","protected":false},"author":4,"featured_media":29841,"comment_status":"closed","ping_status":"closed","sticky":false,"template":"","format":"standard","meta":[],"categories":[3822,8],"tags":[393,2770,1374],"_links":{"self":[{"href":"https:\/\/bisbalpenedes.com\/web\/wp-json\/wp\/v2\/posts\/29840"}],"collection":[{"href":"https:\/\/bisbalpenedes.com\/web\/wp-json\/wp\/v2\/posts"}],"about":[{"href":"https:\/\/bisbalpenedes.com\/web\/wp-json\/wp\/v2\/types\/post"}],"author":[{"embeddable":true,"href":"https:\/\/bisbalpenedes.com\/web\/wp-json\/wp\/v2\/users\/4"}],"replies":[{"embeddable":true,"href":"https:\/\/bisbalpenedes.com\/web\/wp-json\/wp\/v2\/comments?post=29840"}],"version-history":[{"count":1,"href":"https:\/\/bisbalpenedes.com\/web\/wp-json\/wp\/v2\/posts\/29840\/revisions"}],"predecessor-version":[{"id":29844,"href":"https:\/\/bisbalpenedes.com\/web\/wp-json\/wp\/v2\/posts\/29840\/revisions\/29844"}],"wp:featuredmedia":[{"embeddable":true,"href":"https:\/\/bisbalpenedes.com\/web\/wp-json\/wp\/v2\/media\/29841"}],"wp:attachment":[{"href":"https:\/\/bisbalpenedes.com\/web\/wp-json\/wp\/v2\/media?parent=29840"}],"wp:term":[{"taxonomy":"category","embeddable":true,"href":"https:\/\/bisbalpenedes.com\/web\/wp-json\/wp\/v2\/categories?post=29840"},{"taxonomy":"post_tag","embeddable":true,"href":"https:\/\/bisbalpenedes.com\/web\/wp-json\/wp\/v2\/tags?post=29840"}],"curies":[{"name":"wp","href":"https:\/\/api.w.org\/{rel}","templated":true}]}}