{"id":2983,"date":"2017-07-31T19:43:50","date_gmt":"2017-07-31T13:43:50","guid":{"rendered":"http:\/\/bisbalpenedes.com\/web\/?p=2983"},"modified":"2017-07-31T19:43:50","modified_gmt":"2017-07-31T13:43:50","slug":"sha-signat-lacord-per-fer-la-reivindicada-rotonda-denllac-entre-la-c-51-i-la-t-240-i-una-millora-en-lacces-des-de-lap-2-al-poligon-industrial-les-planes","status":"publish","type":"post","link":"https:\/\/bisbalpenedes.com\/web\/2017\/07\/31\/sha-signat-lacord-per-fer-la-reivindicada-rotonda-denllac-entre-la-c-51-i-la-t-240-i-una-millora-en-lacces-des-de-lap-2-al-poligon-industrial-les-planes\/","title":{"rendered":"S&#8217;ha signat l&#8217;acord per fer la reivindicada rotonda d\u2019enlla\u00e7 entre la C-51 i la T-240 i una millora en l\u2019acc\u00e9s des de l\u2019AP-2 al pol\u00edgon industrial Les Planes"},"content":{"rendered":"<h6 style=\"text-align: center;\"><a href=\"http:\/\/bisbalpenedes.com\/web\/wp-content\/uploads\/2017\/07\/barcelona.-carreteres-bisbal-31-07-2017.jpg\"><img loading=\"lazy\" class=\"aligncenter size-full wp-image-2984\" title=\"barcelona.-carreteres-bisbal-31-07-2017\" src=\"http:\/\/bisbalpenedes.com\/web\/wp-content\/uploads\/2017\/07\/barcelona.-carreteres-bisbal-31-07-2017.jpg\" alt=\"\" width=\"680\" height=\"408\" srcset=\"https:\/\/bisbalpenedes.com\/web\/wp-content\/uploads\/2017\/07\/barcelona.-carreteres-bisbal-31-07-2017.jpg 680w, https:\/\/bisbalpenedes.com\/web\/wp-content\/uploads\/2017\/07\/barcelona.-carreteres-bisbal-31-07-2017-600x360.jpg 600w, https:\/\/bisbalpenedes.com\/web\/wp-content\/uploads\/2017\/07\/barcelona.-carreteres-bisbal-31-07-2017-300x180.jpg 300w\" sizes=\"(max-width: 680px) 100vw, 680px\" \/><\/a>Font de la imatge: Diputaci\u00f3 de Tarragona<\/h6>\n<p>L\u2019Ajuntament de La Bisbal del Pened\u00e8s ha signat avui l\u2019acord pel canvi de titularitat de diversos trams de les carreteres T-240, TP-2402 i carretera de l\u2019Albornar aix\u00ed com l\u2019execuci\u00f3 de la reivindicada rotonda a la C-51.<\/p>\n<p>La signatura de l\u2019acord ha tingut lloc a Barcelona i hi ha pres part el president de la Diputaci\u00f3 de Tarragona, Josep Poblet, el conseller de Territori i Sostenibilitat, Josep Rull i l\u2019alcaldessa de la Bisbal del Pened\u00e8s, Agn\u00e8s Ferr\u00e9.<\/p>\n<p>Amb la signatura d\u2019aquest acord es pret\u00e9n conformar un nou eix viari comarcal entre el Baix i l\u2019Alt Pened\u00e8s sense necessitat d\u2019una nova infraestructura i evitant el pas de vehicles rodats per l\u2019interior del nucli urb\u00e0.<\/p>\n<p>Podeu ampliar la informaci\u00f3 en aquest enlla\u00e7: <a href=\"http:\/\/bisbalpenedes.com\/web\/2017\/05\/31\/la-bisbal-del-penedes-tindra-la-reivindicada-rotonda-denllac-entre-la-c-51-i-la-tp-240-i-una-millora-en-lacces-des-de-lap-2-al-poligon-industrial-les-planes\/\">http:\/\/bisbalpenedes.com\/web\/2017\/05\/31\/la-bisbal-del-penedes-tindra-la-reivindicada-rotonda-denllac-entre-la-c-51-i-la-tp-240-i-una-millora-en-lacces-des-de-lap-2-al-poligon-industrial-les-planes\/<\/a><\/p>\n","protected":false},"excerpt":{"rendered":"<p>Font de la imatge: Diputaci\u00f3 de Tarragona L\u2019Ajuntament de La Bisbal del Pened\u00e8s ha signat avui l\u2019acord pel canvi de titularitat de diversos trams de les carreteres T-240, TP-2402 i &hellip; <a href=\"https:\/\/bisbalpenedes.com\/web\/2017\/07\/31\/sha-signat-lacord-per-fer-la-reivindicada-rotonda-denllac-entre-la-c-51-i-la-t-240-i-una-millora-en-lacces-des-de-lap-2-al-poligon-industrial-les-planes\/\" class=\"more-link\">Read More<\/a><\/p>\n","protected":false},"author":4,"featured_media":0,"comment_status":"closed","ping_status":"closed","sticky":false,"template":"","format":"standard","meta":[],"categories":[4],"tags":[714,299,198,34,718,719,100,138,721,722,717,298,720,715,716],"_links":{"self":[{"href":"https:\/\/bisbalpenedes.com\/web\/wp-json\/wp\/v2\/posts\/2983"}],"collection":[{"href":"https:\/\/bisbalpenedes.com\/web\/wp-json\/wp\/v2\/posts"}],"about":[{"href":"https:\/\/bisbalpenedes.com\/web\/wp-json\/wp\/v2\/types\/post"}],"author":[{"embeddable":true,"href":"https:\/\/bisbalpenedes.com\/web\/wp-json\/wp\/v2\/users\/4"}],"replies":[{"embeddable":true,"href":"https:\/\/bisbalpenedes.com\/web\/wp-json\/wp\/v2\/comments?post=2983"}],"version-history":[{"count":2,"href":"https:\/\/bisbalpenedes.com\/web\/wp-json\/wp\/v2\/posts\/2983\/revisions"}],"predecessor-version":[{"id":2986,"href":"https:\/\/bisbalpenedes.com\/web\/wp-json\/wp\/v2\/posts\/2983\/revisions\/2986"}],"wp:attachment":[{"href":"https:\/\/bisbalpenedes.com\/web\/wp-json\/wp\/v2\/media?parent=2983"}],"wp:term":[{"taxonomy":"category","embeddable":true,"href":"https:\/\/bisbalpenedes.com\/web\/wp-json\/wp\/v2\/categories?post=2983"},{"taxonomy":"post_tag","embeddable":true,"href":"https:\/\/bisbalpenedes.com\/web\/wp-json\/wp\/v2\/tags?post=2983"}],"curies":[{"name":"wp","href":"https:\/\/api.w.org\/{rel}","templated":true}]}}