{"id":29822,"date":"2024-04-12T16:37:05","date_gmt":"2024-04-12T14:37:05","guid":{"rendered":"https:\/\/bisbalpenedes.com\/web\/?p=29822"},"modified":"2025-09-30T12:41:17","modified_gmt":"2025-09-30T10:41:17","slug":"programa-dactivitats-amb-motiu-de-sant-jordi-2","status":"publish","type":"post","link":"https:\/\/bisbalpenedes.com\/web\/2024\/04\/12\/programa-dactivitats-amb-motiu-de-sant-jordi-2\/","title":{"rendered":"La Bisbal del Pened\u00e8s celebra Sant Jordi amb un ampli programa cultural amb el suport de la Diputaci\u00f3 de Tarragona"},"content":{"rendered":"\n<h4>La Bisbal del Pened\u00e8s torna a viure la Diada de Sant Jordi amb un programa ple d\u2019actes per a tots els p\u00fablics. La celebraci\u00f3 s\u2019allargar\u00e0 diversos dies i combinar\u00e0 literatura, m\u00fasica, poesia i activitats familiars.<\/h4>\n\n\n\n<h3>Resum d\u2019activitats<\/h3>\n\n\n\n<ul><li><strong>Dissabte 20 d\u2019abril<\/strong> \u2013 Presentaci\u00f3 del llibre <em>Una foto amb hist\u00f2ria<\/em> i recital po\u00e8tic-musical <em>El foc \u00e9s la paraula<\/em> a l\u2019Auditori del CMC.<\/li><li><strong>Diumenge 21 d\u2019abril<\/strong> \u2013 Presentaci\u00f3-vermut del llibre <em>Jaume Alegret i Vidal<\/em> a Ca l\u2019Alegret (Ortig\u00f3s).<\/li><li><strong>Dilluns 22 d\u2019abril<\/strong> \u2013 Espectacle familiar <em>Aventurers, dracs i altres esp\u00e8cies<\/em> a la biblioteca.<\/li><li><strong>Dimarts 23 d\u2019abril (Diada de Sant Jordi)<\/strong> \u2013 Parades de llibres i roses, Sant Jordi Infantil amb inflables i lliurament de premis, xatonada popular i cloenda amb el 16\u00e8 concurs literari i l\u2019actuaci\u00f3 del <em>Quartet M\u00e8lt<\/em>.<\/li><\/ul>\n\n\n\n<p>L\u2019Ajuntament de la Bisbal del Pened\u00e8s ha desplegat durant el 2024 un conjunt d\u2019actuacions de Cultura. Aquestes accions han comptat amb el suport econ\u00f2mic del <strong>Pla Impulsa 2024\u20132027 de la Diputaci\u00f3 de Tarragona<\/strong>, que ha concedit 11.893,67 \u20ac per dur a terme activitats de caire cultural al nostre municipi<\/p>\n\n\n\n<p>#Cultura #LaBisbaldelPened\u00e8s #ImpulsDipta<br><em>Amb el suport de @Dipta_cat<\/em><\/p>\n\n\n\n<figure class=\"wp-block-image size-large\"><img loading=\"lazy\" width=\"1024\" height=\"203\" src=\"https:\/\/bisbalpenedes.com\/web\/wp-content\/uploads\/2025\/08\/peudipta-1024x203.jpg\" alt=\"\" class=\"wp-image-34414\" srcset=\"https:\/\/bisbalpenedes.com\/web\/wp-content\/uploads\/2025\/08\/peudipta-1024x203.jpg 1024w, https:\/\/bisbalpenedes.com\/web\/wp-content\/uploads\/2025\/08\/peudipta-300x59.jpg 300w, https:\/\/bisbalpenedes.com\/web\/wp-content\/uploads\/2025\/08\/peudipta-768x152.jpg 768w, https:\/\/bisbalpenedes.com\/web\/wp-content\/uploads\/2025\/08\/peudipta-600x119.jpg 600w, https:\/\/bisbalpenedes.com\/web\/wp-content\/uploads\/2025\/08\/peudipta.jpg 1374w\" sizes=\"(max-width: 1024px) 100vw, 1024px\" \/><\/figure>\n\n\n\n<hr class=\"wp-block-separator has-alpha-channel-opacity\"\/>\n\n\n\n<p>La Bisbal del Pened\u00e8s vuelve a vivir la Diada de Sant Jordi con un programa lleno de actos para todos los p\u00fablicos. La celebraci\u00f3n se alargar\u00e1 varios d\u00edas y combinar\u00e1 literatura, m\u00fasica, poes\u00eda y actividades familiares.<\/p>\n\n\n\n<h3>Resumen de actividades<\/h3>\n\n\n\n<ul><li><strong>S\u00e1bado 20 de abril<\/strong> \u2013 Presentaci\u00f3n del libro <em>Una foto amb hist\u00f2ria<\/em> y recital po\u00e9tico-musical <em>El foc \u00e9s la paraula<\/em> en el Auditorio del CMC.<\/li><li><strong>Domingo 21 de abril<\/strong> \u2013 Presentaci\u00f3n-vermut del libro <em>Jaume Alegret i Vidal<\/em> en Ca l\u2019Alegret (Ortig\u00f3s).<\/li><li><strong>Lunes 22 de abril<\/strong> \u2013 Espect\u00e1culo familiar <em>Aventurers, dracs i altres esp\u00e8cies<\/em> en la biblioteca.<\/li><li><strong>Martes 23 de abril (D\u00eda de Sant Jordi)<\/strong> \u2013 Paradas de libros y rosas, Sant Jordi Infantil con hinchables y entrega de premios, xatonada popular y clausura con el 16\u00ba concurso literario y la actuaci\u00f3n del <em>Quartet M\u00e8lt<\/em>.<\/li><\/ul>\n\n\n\n<p>El Ayuntamiento de la Bisbal del Pened\u00e8s ha desplegado durante 2024 un conjunto de actuaciones de Cultura. Estas acciones han contado con el apoyo econ\u00f3mico del <strong>Pla Impulsa 2024\u20132027 de la Diputaci\u00f3n de Tarragona<\/strong>, que ha concedido 11.893,67 \u20ac para llevar a cabo activudades culturales en el municipio<\/p>\n\n\n\n<p>#Cultura #LaBisbaldelPened\u00e8s #ImpulsDipta<br><em>Con el apoyo de @Dipta_cat<\/em><\/p>\n\n\n\n<p><\/p>\n","protected":false},"excerpt":{"rendered":"<p>La Bisbal del Pened\u00e8s torna a viure la Diada de Sant Jordi amb un programa ple d\u2019actes per a tots els p\u00fablics. La celebraci\u00f3 s\u2019allargar\u00e0 diversos dies i combinar\u00e0 literatura, &hellip; <a href=\"https:\/\/bisbalpenedes.com\/web\/2024\/04\/12\/programa-dactivitats-amb-motiu-de-sant-jordi-2\/\" class=\"more-link\">Read More<\/a><\/p>\n","protected":false},"author":4,"featured_media":34854,"comment_status":"closed","ping_status":"closed","sticky":false,"template":"","format":"standard","meta":[],"categories":[2942,13,8],"tags":[459,6719,393,1374,64],"_links":{"self":[{"href":"https:\/\/bisbalpenedes.com\/web\/wp-json\/wp\/v2\/posts\/29822"}],"collection":[{"href":"https:\/\/bisbalpenedes.com\/web\/wp-json\/wp\/v2\/posts"}],"about":[{"href":"https:\/\/bisbalpenedes.com\/web\/wp-json\/wp\/v2\/types\/post"}],"author":[{"embeddable":true,"href":"https:\/\/bisbalpenedes.com\/web\/wp-json\/wp\/v2\/users\/4"}],"replies":[{"embeddable":true,"href":"https:\/\/bisbalpenedes.com\/web\/wp-json\/wp\/v2\/comments?post=29822"}],"version-history":[{"count":4,"href":"https:\/\/bisbalpenedes.com\/web\/wp-json\/wp\/v2\/posts\/29822\/revisions"}],"predecessor-version":[{"id":34858,"href":"https:\/\/bisbalpenedes.com\/web\/wp-json\/wp\/v2\/posts\/29822\/revisions\/34858"}],"wp:featuredmedia":[{"embeddable":true,"href":"https:\/\/bisbalpenedes.com\/web\/wp-json\/wp\/v2\/media\/34854"}],"wp:attachment":[{"href":"https:\/\/bisbalpenedes.com\/web\/wp-json\/wp\/v2\/media?parent=29822"}],"wp:term":[{"taxonomy":"category","embeddable":true,"href":"https:\/\/bisbalpenedes.com\/web\/wp-json\/wp\/v2\/categories?post=29822"},{"taxonomy":"post_tag","embeddable":true,"href":"https:\/\/bisbalpenedes.com\/web\/wp-json\/wp\/v2\/tags?post=29822"}],"curies":[{"name":"wp","href":"https:\/\/api.w.org\/{rel}","templated":true}]}}