{"id":29819,"date":"2024-04-12T16:22:25","date_gmt":"2024-04-12T14:22:25","guid":{"rendered":"https:\/\/bisbalpenedes.com\/web\/?p=29819"},"modified":"2024-04-12T16:22:25","modified_gmt":"2024-04-12T14:22:25","slug":"llar-dinfants-portes-obertes-26-4-i-inici-de-les-preinscripcions-8-5","status":"publish","type":"post","link":"https:\/\/bisbalpenedes.com\/web\/2024\/04\/12\/llar-dinfants-portes-obertes-26-4-i-inici-de-les-preinscripcions-8-5\/","title":{"rendered":"Llar d&#8217;infants: portes obertes (26\/4) i inici de les preinscripcions (8\/5)"},"content":{"rendered":"\n<p>El pr\u00f2xim <strong>8 de maig comen\u00e7a el termini de preinscripcions<\/strong> per a la Llar d&#8217;infants municipal l&#8217;Oreneta.<br>Preinscripcions: fins al 21 de maig podreu formalitzar les inscripcions a la Llar d&#8217;infants municipal l&#8217;Oreneta (avda. Baix Pened\u00e8s).<br><strong>El divendres 26 d&#8217;abril, de 17:30h a 19:00h podreu visitar la Llar d&#8217;infants<\/strong> i fer resoldre totes les preguntes o dubtes que us puguin sorgir.<br><\/p>\n\n\n\n<hr class=\"wp-block-separator has-alpha-channel-opacity\"\/>\n\n\n\n<p>El pr\u00f3ximo <strong>8 de mayo empieza el plazo de preinscripciones<\/strong> para la Llar d&#8217;infants municipal l&#8217;Oreneta para ni\u00f1os menores de un a\u00f1o de edad.<br>Preinscripciones: hasta el 21 de mayo podr\u00e9is formalizar las inscripciones en la Llar d&#8217;infants municipal l&#8217;Oreneta (avda. Baix Pened\u00e8s).<br><strong>El viernes 26 de abril, de 17:30h a 19:00h podr\u00e9is visitar la Llar d&#8217;infants<\/strong> y resolver todas las preguntas o dudas que os puedan surgir.<br><\/p>\n","protected":false},"excerpt":{"rendered":"<p>El pr\u00f2xim 8 de maig comen\u00e7a el termini de preinscripcions per a la Llar d&#8217;infants municipal l&#8217;Oreneta.Preinscripcions: fins al 21 de maig podreu formalitzar les inscripcions a la Llar d&#8217;infants &hellip; <a href=\"https:\/\/bisbalpenedes.com\/web\/2024\/04\/12\/llar-dinfants-portes-obertes-26-4-i-inici-de-les-preinscripcions-8-5\/\" class=\"more-link\">Read More<\/a><\/p>\n","protected":false},"author":4,"featured_media":29820,"comment_status":"closed","ping_status":"closed","sticky":false,"template":"","format":"standard","meta":[],"categories":[3456,8],"tags":[1539,1374,1540],"_links":{"self":[{"href":"https:\/\/bisbalpenedes.com\/web\/wp-json\/wp\/v2\/posts\/29819"}],"collection":[{"href":"https:\/\/bisbalpenedes.com\/web\/wp-json\/wp\/v2\/posts"}],"about":[{"href":"https:\/\/bisbalpenedes.com\/web\/wp-json\/wp\/v2\/types\/post"}],"author":[{"embeddable":true,"href":"https:\/\/bisbalpenedes.com\/web\/wp-json\/wp\/v2\/users\/4"}],"replies":[{"embeddable":true,"href":"https:\/\/bisbalpenedes.com\/web\/wp-json\/wp\/v2\/comments?post=29819"}],"version-history":[{"count":1,"href":"https:\/\/bisbalpenedes.com\/web\/wp-json\/wp\/v2\/posts\/29819\/revisions"}],"predecessor-version":[{"id":29821,"href":"https:\/\/bisbalpenedes.com\/web\/wp-json\/wp\/v2\/posts\/29819\/revisions\/29821"}],"wp:featuredmedia":[{"embeddable":true,"href":"https:\/\/bisbalpenedes.com\/web\/wp-json\/wp\/v2\/media\/29820"}],"wp:attachment":[{"href":"https:\/\/bisbalpenedes.com\/web\/wp-json\/wp\/v2\/media?parent=29819"}],"wp:term":[{"taxonomy":"category","embeddable":true,"href":"https:\/\/bisbalpenedes.com\/web\/wp-json\/wp\/v2\/categories?post=29819"},{"taxonomy":"post_tag","embeddable":true,"href":"https:\/\/bisbalpenedes.com\/web\/wp-json\/wp\/v2\/tags?post=29819"}],"curies":[{"name":"wp","href":"https:\/\/api.w.org\/{rel}","templated":true}]}}