{"id":29814,"date":"2024-04-12T15:15:39","date_gmt":"2024-04-12T13:15:39","guid":{"rendered":"https:\/\/bisbalpenedes.com\/web\/?p=29814"},"modified":"2024-04-12T15:17:27","modified_gmt":"2024-04-12T13:17:27","slug":"sha-convocat-un-ple-extraordinari-per-al-dimecres-17-dabril-a-les-12h","status":"publish","type":"post","link":"https:\/\/bisbalpenedes.com\/web\/2024\/04\/12\/sha-convocat-un-ple-extraordinari-per-al-dimecres-17-dabril-a-les-12h\/","title":{"rendered":"S\u2019ha convocat un Ple extraordinari per al dimecres 17 d\u2019abril a les 12h"},"content":{"rendered":"\n<p>L\u2019Ajuntament de la Bisbal del Pened\u00e8s ha convocat un Ple extraordinari per al dimecres 17 d\u2019abril, a les 12h, amb els seg\u00fcents punts a l\u2019ordre del dia:<\/p>\n\n\n\n<p><strong>PART RESOLUTIVA<\/strong><\/p>\n\n\n\n<p><span style=\"text-decoration: underline;\">Punt 1.<\/span>-Sorteig de les meses electorals per a les eleccions al Parlament de Catalunya del 12 de maig de 2024.<\/p>\n\n\n\n<p><span style=\"text-decoration: underline;\">Punt 2.<\/span>-Enc\u00e0rrec de gesti\u00f3 per a l\u2019assist\u00e8ncia t\u00e8cnica en l\u2019\u00e0mbit de l\u2019enginyeria industrial, al Consell Comarcal del Baix Pened\u00e8s.<\/p>\n\n\n\n<p><span style=\"text-decoration: underline;\">Punt 3<\/span>.-Enc\u00e0rrec de gesti\u00f3 per a l\u2019assist\u00e8ncia t\u00e8cnica en l\u2019\u00e0mbit urban\u00edstic, al Consell Comarcal del Baix Pened\u00e8s.<\/p>\n\n\n\n<p>Punt 4.-Reconeixement extrajudicial de Cr\u00e8dits-Reconeixement d\u2019obligacions de l\u2019exercici 2023.<\/p>\n\n\n\n<p>Punt 5.-Assignacions econ\u00f2miques als grups pol\u00edtics municipals de La Bisbal Decideix i Tots som la Bisbal-Urbanizaciones Unidas.<\/p>\n\n\n\n<p><strong>ACTIVITAT DE CONTROL<\/strong><\/p>\n\n\n\n<p><span style=\"text-decoration: underline;\">Punt 6<\/span>.-Donar compte del seguiment del Pla d\u2019Acci\u00f3 2022.<\/p>\n\n\n\n<p><span style=\"text-decoration: underline;\">Punt 7.<\/span>-Donar compte de l\u2019informe de control permanent sobre contractaci\u00f3 menor de l\u2019exercici 2022.<\/p>\n\n\n\n<p><span style=\"text-decoration: underline;\">Punt 8<\/span>.-Donar compte dels Informes de bestretes de la caixa fixa 2023.<\/p>\n\n\n\n<p><span style=\"text-decoration: underline;\">Punt 9.<\/span>-Donar compte de l\u2019informe resum del control intern de l\u2019exercici 2023.<\/p>\n\n\n\n<hr class=\"wp-block-separator has-alpha-channel-opacity\"\/>\n\n\n\n<p><strong>CASTELLANO | <\/strong>El Ajuntament de la Bisbal del Pened\u00e8s ha convocado un Pleno extraordinario para el mi\u00e9rcoles 17 de abril, a las 12h, con los siguientes puntos en el orden del d\u00eda:<\/p>\n\n\n\n<p><strong>PARTE RESOLUTIVA<\/strong><\/p>\n\n\n\n<p><span style=\"text-decoration: underline;\">Punto 1.<\/span>-Sorteo de las mesas electorales para las elecciones en el Parlament de Catalunya del 12 de mayo de 2024.<\/p>\n\n\n\n<p>Punto 2.-Encargo de gesti\u00f3n para la asistencia t\u00e9cnica en el \u00e1mbito de la ingenier\u00eda industrial, al Consell Comarcal del Baix Pened\u00e8s.<\/p>\n\n\n\n<p>Punto 3.-Encargo de gesti\u00f3n para la asistencia t\u00e9cnica en el \u00e1mbito urban\u00edstico, al Consell Comarcal del Baix Pened\u00e8s.<\/p>\n\n\n\n<p><span style=\"text-decoration: underline;\">Punto 4.<\/span>-Reconocimiento extrajudicial de Cr\u00e9ditos-Reconocimiento de obligaciones del ejercicio 2023.<\/p>\n\n\n\n<p><span style=\"text-decoration: underline;\">Punto 5.<\/span>-Asignaciones econ\u00f3micas a los grupos pol\u00edticos municipales de La Bisbal Decideix y Tots som la Bisbal-Urbanizaciones Unidas.<\/p>\n\n\n\n<p><strong>ACTIVIDAD DE CONTROL<\/strong><\/p>\n\n\n\n<p>Punto 6.-Dar cuenta del seguimiento del Plan de Acci\u00f3n 2022.<\/p>\n\n\n\n<p><span style=\"text-decoration: underline;\">Punto 7.<\/span>-Dar cuenta del informe de control permanente sobre contrataci\u00f3n menor del ejercicio 2022.<\/p>\n\n\n\n<p>Punto 8.-Dar cuenta de los Informes de anticipos de la caja fija 2023.<\/p>\n\n\n\n<p><span style=\"text-decoration: underline;\">Punto 9<\/span>.-Dar cuenta del informe resumen del control interno del ejercicio 2023.<\/p>\n","protected":false},"excerpt":{"rendered":"<p>L\u2019Ajuntament de la Bisbal del Pened\u00e8s ha convocat un Ple extraordinari per al dimecres 17 d\u2019abril, a les 12h, amb els seg\u00fcents punts a l\u2019ordre del dia: PART RESOLUTIVA Punt &hellip; <a href=\"https:\/\/bisbalpenedes.com\/web\/2024\/04\/12\/sha-convocat-un-ple-extraordinari-per-al-dimecres-17-dabril-a-les-12h\/\" class=\"more-link\">Read More<\/a><\/p>\n","protected":false},"author":4,"featured_media":20647,"comment_status":"closed","ping_status":"closed","sticky":false,"template":"","format":"standard","meta":[],"categories":[8,2251,2250],"tags":[459,383,1374,6573],"_links":{"self":[{"href":"https:\/\/bisbalpenedes.com\/web\/wp-json\/wp\/v2\/posts\/29814"}],"collection":[{"href":"https:\/\/bisbalpenedes.com\/web\/wp-json\/wp\/v2\/posts"}],"about":[{"href":"https:\/\/bisbalpenedes.com\/web\/wp-json\/wp\/v2\/types\/post"}],"author":[{"embeddable":true,"href":"https:\/\/bisbalpenedes.com\/web\/wp-json\/wp\/v2\/users\/4"}],"replies":[{"embeddable":true,"href":"https:\/\/bisbalpenedes.com\/web\/wp-json\/wp\/v2\/comments?post=29814"}],"version-history":[{"count":3,"href":"https:\/\/bisbalpenedes.com\/web\/wp-json\/wp\/v2\/posts\/29814\/revisions"}],"predecessor-version":[{"id":29818,"href":"https:\/\/bisbalpenedes.com\/web\/wp-json\/wp\/v2\/posts\/29814\/revisions\/29818"}],"wp:featuredmedia":[{"embeddable":true,"href":"https:\/\/bisbalpenedes.com\/web\/wp-json\/wp\/v2\/media\/20647"}],"wp:attachment":[{"href":"https:\/\/bisbalpenedes.com\/web\/wp-json\/wp\/v2\/media?parent=29814"}],"wp:term":[{"taxonomy":"category","embeddable":true,"href":"https:\/\/bisbalpenedes.com\/web\/wp-json\/wp\/v2\/categories?post=29814"},{"taxonomy":"post_tag","embeddable":true,"href":"https:\/\/bisbalpenedes.com\/web\/wp-json\/wp\/v2\/tags?post=29814"}],"curies":[{"name":"wp","href":"https:\/\/api.w.org\/{rel}","templated":true}]}}