{"id":29807,"date":"2024-04-11T17:15:51","date_gmt":"2024-04-11T15:15:51","guid":{"rendered":"https:\/\/bisbalpenedes.com\/web\/?p=29807"},"modified":"2024-04-11T17:16:18","modified_gmt":"2024-04-11T15:16:18","slug":"lalcaldessa-agnes-ferre-renova-el-carrec-com-a-membre-del-consell-assessor-de-dinamitzacio-economica-de-lassociacio-catalana-de-municipis-acm","status":"publish","type":"post","link":"https:\/\/bisbalpenedes.com\/web\/2024\/04\/11\/lalcaldessa-agnes-ferre-renova-el-carrec-com-a-membre-del-consell-assessor-de-dinamitzacio-economica-de-lassociacio-catalana-de-municipis-acm\/","title":{"rendered":"<strong>L&#8217;alcaldessa Agn\u00e8s Ferr\u00e9 renova el c\u00e0rrec com a membre del Consell Assessor de Dinamitzaci\u00f3 Econ\u00f2mica de l&#8217;Associaci\u00f3 Catalana de Municipis (ACM)<\/strong>"},"content":{"rendered":"\n<p>L&#8217;alcaldessa de la Bisbal del Pened\u00e8s, Agn\u00e8s Ferr\u00e9, \u00e9s membre -per segon mandat consecutiu- del Comit\u00e8 executiu de l&#8217;ACM, i \u00e9s la responsable de pol\u00edtiques actives d&#8217;ocupaci\u00f3 dins l&#8217;\u00e0mbit de dinamitzaci\u00f3 econ\u00f2mica de l&#8217;ACM. Com a responsable de pol\u00edtiques actives d&#8217;ocupaci\u00f3, \u00e9s tamb\u00e9 representant de l&#8217;ACM al Consell de Direcci\u00f3 del SOC i al Consell Territorial del Pened\u00e8s del SOC.<\/p>\n\n\n\n<p>El passat divendres 5 d&#8217;abril, Ferr\u00e9 va assistir -com al mandat anterior- a la reuni\u00f3 constituent del Consell Assessor de dinamitzaci\u00f3 econ\u00f2mica de l&#8217;ACM, celebrat a Olot. Aquest consell est\u00e0 format per 12 c\u00e0rrecs electes i 9 t\u00e8cnics d&#8217;arreu del territori. Un dels temes principals d&#8217;aquest consell \u00e9s la proposta de desplegament de la Concertaci\u00f3 Territorial Local. La reuni\u00f3 es va celebrar a Olot perqu\u00e8 els participants poguessin con\u00e8ixer de m\u00e9s de prop DIN\u00c0MIG Ag\u00e8ncia d&#8217;Innovaci\u00f3 i Desenvolupament de la Garrotxa, un consorci creat el 2016 per l&#8217;Ajuntament d&#8217;Olot i el Consell Comarcal de la Garrotxa que treballa amb l&#8217;objectiu de promoure l&#8217;activitat econ\u00f2mica de la Garrotxa i el desenvolupament local i per millorar la vida laboral i professional de les persones.<\/p>\n\n\n\n<hr class=\"wp-block-separator has-alpha-channel-opacity\"\/>\n\n\n\n<p><strong>CASTELLANO |<\/strong> La alcaldesa de la Bisbal del Pened\u00e8s, Agn\u00e8s Ferr\u00e9, es miembro &#8211; por segundo mandato consecutivo- del Comit\u00e9 ejecutivo de la ACM, y es la responsable de pol\u00edticas activas de ocupaci\u00f3n dentro del \u00e1mbito de dinamizaci\u00f3n econ\u00f3mica de la ACM. Como responsable de pol\u00edticas activas de ocupaci\u00f3n, es tambi\u00e9n representante de la ACM en el Consell de Direcci\u00f3 del SOC y en el Consell Territorial del Pened\u00e8s del SOC.<\/p>\n\n\n\n<p>El pasado viernes 5 de abril, Ferr\u00e9 asisti\u00f3 -como en el mandato anterior- a la reuni\u00f3n constituyente del Consell Assessor de dinamizaci\u00f3n econ\u00f3mica de la ACM, celebrado en Olot. Este consejo est\u00e1 formado por 12 cargos electos y 9 t\u00e9cnicos del territorio. Uno de los t\u00e9rminos principales de este consejo es la propuesta de despliegue de la Concertaci\u00f3n Territorial Local. La reuni\u00f3n se celebr\u00f3 en Olot para que los participantes pudiesen conocer de m\u00e1s cerca DIN\u00c0MIG Ag\u00e8ncia d&#8217;Innovaci\u00f3 i Desenvolupament de la Garrotxa, un consorcio creado en el 2026 por el Ajuntament d&#8217;Olot y el Consell Comarcal de la Garrotxa que trabaja con el objetivo de promover la actividad econ\u00f3mica de la Garrotxa y el desarrollo local y para mejorar la vida laboral y profesional de las personas,<\/p>\n","protected":false},"excerpt":{"rendered":"<p>L&#8217;alcaldessa de la Bisbal del Pened\u00e8s, Agn\u00e8s Ferr\u00e9, \u00e9s membre -per segon mandat consecutiu- del Comit\u00e8 executiu de l&#8217;ACM, i \u00e9s la responsable de pol\u00edtiques actives d&#8217;ocupaci\u00f3 dins l&#8217;\u00e0mbit de &hellip; <a href=\"https:\/\/bisbalpenedes.com\/web\/2024\/04\/11\/lalcaldessa-agnes-ferre-renova-el-carrec-com-a-membre-del-consell-assessor-de-dinamitzacio-economica-de-lassociacio-catalana-de-municipis-acm\/\" class=\"more-link\">Read More<\/a><\/p>\n","protected":false},"author":4,"featured_media":29808,"comment_status":"closed","ping_status":"closed","sticky":false,"template":"","format":"standard","meta":[],"categories":[2057,8],"tags":[874,642,2092,459,393,1374],"_links":{"self":[{"href":"https:\/\/bisbalpenedes.com\/web\/wp-json\/wp\/v2\/posts\/29807"}],"collection":[{"href":"https:\/\/bisbalpenedes.com\/web\/wp-json\/wp\/v2\/posts"}],"about":[{"href":"https:\/\/bisbalpenedes.com\/web\/wp-json\/wp\/v2\/types\/post"}],"author":[{"embeddable":true,"href":"https:\/\/bisbalpenedes.com\/web\/wp-json\/wp\/v2\/users\/4"}],"replies":[{"embeddable":true,"href":"https:\/\/bisbalpenedes.com\/web\/wp-json\/wp\/v2\/comments?post=29807"}],"version-history":[{"count":3,"href":"https:\/\/bisbalpenedes.com\/web\/wp-json\/wp\/v2\/posts\/29807\/revisions"}],"predecessor-version":[{"id":29812,"href":"https:\/\/bisbalpenedes.com\/web\/wp-json\/wp\/v2\/posts\/29807\/revisions\/29812"}],"wp:featuredmedia":[{"embeddable":true,"href":"https:\/\/bisbalpenedes.com\/web\/wp-json\/wp\/v2\/media\/29808"}],"wp:attachment":[{"href":"https:\/\/bisbalpenedes.com\/web\/wp-json\/wp\/v2\/media?parent=29807"}],"wp:term":[{"taxonomy":"category","embeddable":true,"href":"https:\/\/bisbalpenedes.com\/web\/wp-json\/wp\/v2\/categories?post=29807"},{"taxonomy":"post_tag","embeddable":true,"href":"https:\/\/bisbalpenedes.com\/web\/wp-json\/wp\/v2\/tags?post=29807"}],"curies":[{"name":"wp","href":"https:\/\/api.w.org\/{rel}","templated":true}]}}