{"id":29804,"date":"2024-04-11T16:36:19","date_gmt":"2024-04-11T14:36:19","guid":{"rendered":"https:\/\/bisbalpenedes.com\/web\/?p=29804"},"modified":"2024-04-11T16:36:19","modified_gmt":"2024-04-11T14:36:19","slug":"saprova-el-contracte-per-a-les-actuacions-de-la-colla-castellera-de-la-bisbal-del-penedes-els-bous-per-aquest-2024-per-un-import-d11-500e","status":"publish","type":"post","link":"https:\/\/bisbalpenedes.com\/web\/2024\/04\/11\/saprova-el-contracte-per-a-les-actuacions-de-la-colla-castellera-de-la-bisbal-del-penedes-els-bous-per-aquest-2024-per-un-import-d11-500e\/","title":{"rendered":"<strong>S&#8217;aprova el contracte per a les actuacions de la Colla Castellera de la Bisbal del Pened\u00e8s Els Bous per aquest 2024 per un import d&#8217;11.500\u20ac<\/strong>"},"content":{"rendered":"\n<p>La Junta de Govern del 3 d&#8217;abril va aprovar el contracte per a les actuacions de la Colla Castellera de la Bisbal del Pened\u00e8s &#8211; Bous per al 2024, per un import d&#8217;11.500\u20ac, que inclou l&#8217;organitzaci\u00f3 i participaci\u00f3 en les seg\u00fcents diades:<\/p>\n\n\n\n<ul><li>Diada &#8220;In memoriam&#8221; del 7 d&#8217;abril<\/li><li>Diada d&#8217;apadrinament del 16 de juny<\/li><li>Diada dels Bous del 6 de juliol<\/li><li>Cercavila i actuaci\u00f3 per la Festa Major &#8211; 15 d&#8217;agost<\/li><li>Diada de Catalunya, 7 de setembre<\/li><\/ul>\n\n\n\n<p>La Colla Castellera de la Bisbal del Pened\u00e8s &#8211; Bous treballa per oferir-nos els castells, declarats Patrimoni Immaterial de la Humanitat per la Unesco. A banda, l&#8217;entitat t\u00e9 una gran vocaci\u00f3 social de cohesi\u00f3 i integraci\u00f3, amb un especial enfocament cap a la formaci\u00f3 de la canalla en valors positius per al seu creixement en un entorn segur i acollidor.<\/p>\n\n\n\n<hr class=\"wp-block-separator has-alpha-channel-opacity\"\/>\n\n\n\n<p><strong>CASTELLANO |<\/strong> La Junta de Gobierno del 3 de abril aprob\u00f3 el contrato para las actuaciones de la Colla Colla Castellera de la Bisbal del Pened\u00e8s &#8211; Bous para el 2024, por un importe de 11.500\u20ac, que incluye la organizaci\u00f3n y participaci\u00f3n en las &#8216;diades&#8217; siguientes:<\/p>\n\n\n\n<ul><li>Diada &#8220;In memoriam&#8221; del 7 de abril<\/li><li>Diada de apadrinamiento del 16 de junio<\/li><li>Diada dels Bous del 6 de julio<\/li><li>Pasacalle y actuaci\u00f3n por la Festa Major &#8211; 15 de agosto<\/li><li>Diada de Catalunya, 7 de septiembre<\/li><\/ul>\n\n\n\n<p>La Colla Castellera de la Bisbal del Pened\u00e8s &#8211; Bous trabaja para ofrecernos los &#8216;castells&#8217;, declarados Patrimonio Inmaterial de la Humanidad por la Unesco. Aparte, la entidad tiene una gran vocaci\u00f3n social de cohesi\u00f3n e integraci\u00f3n, con un especial enfoque hacia la formaci\u00f3n de los ni\u00f1os y ni\u00f1as en valores positivos para su crecimiento en un entorno seguro y acogedor.<\/p>\n","protected":false},"excerpt":{"rendered":"<p>La Junta de Govern del 3 d&#8217;abril va aprovar el contracte per a les actuacions de la Colla Castellera de la Bisbal del Pened\u00e8s &#8211; Bous per al 2024, per &hellip; <a href=\"https:\/\/bisbalpenedes.com\/web\/2024\/04\/11\/saprova-el-contracte-per-a-les-actuacions-de-la-colla-castellera-de-la-bisbal-del-penedes-els-bous-per-aquest-2024-per-un-import-d11-500e\/\" class=\"more-link\">Read More<\/a><\/p>\n","protected":false},"author":4,"featured_media":29805,"comment_status":"closed","ping_status":"closed","sticky":false,"template":"","format":"standard","meta":[],"categories":[13,20,8],"tags":[459,378,4302,351,393,1374],"_links":{"self":[{"href":"https:\/\/bisbalpenedes.com\/web\/wp-json\/wp\/v2\/posts\/29804"}],"collection":[{"href":"https:\/\/bisbalpenedes.com\/web\/wp-json\/wp\/v2\/posts"}],"about":[{"href":"https:\/\/bisbalpenedes.com\/web\/wp-json\/wp\/v2\/types\/post"}],"author":[{"embeddable":true,"href":"https:\/\/bisbalpenedes.com\/web\/wp-json\/wp\/v2\/users\/4"}],"replies":[{"embeddable":true,"href":"https:\/\/bisbalpenedes.com\/web\/wp-json\/wp\/v2\/comments?post=29804"}],"version-history":[{"count":1,"href":"https:\/\/bisbalpenedes.com\/web\/wp-json\/wp\/v2\/posts\/29804\/revisions"}],"predecessor-version":[{"id":29806,"href":"https:\/\/bisbalpenedes.com\/web\/wp-json\/wp\/v2\/posts\/29804\/revisions\/29806"}],"wp:featuredmedia":[{"embeddable":true,"href":"https:\/\/bisbalpenedes.com\/web\/wp-json\/wp\/v2\/media\/29805"}],"wp:attachment":[{"href":"https:\/\/bisbalpenedes.com\/web\/wp-json\/wp\/v2\/media?parent=29804"}],"wp:term":[{"taxonomy":"category","embeddable":true,"href":"https:\/\/bisbalpenedes.com\/web\/wp-json\/wp\/v2\/categories?post=29804"},{"taxonomy":"post_tag","embeddable":true,"href":"https:\/\/bisbalpenedes.com\/web\/wp-json\/wp\/v2\/tags?post=29804"}],"curies":[{"name":"wp","href":"https:\/\/api.w.org\/{rel}","templated":true}]}}