{"id":29800,"date":"2024-04-11T16:26:01","date_gmt":"2024-04-11T14:26:01","guid":{"rendered":"https:\/\/bisbalpenedes.com\/web\/?p=29800"},"modified":"2024-04-11T16:26:01","modified_gmt":"2024-04-11T14:26:01","slug":"saprova-inicialment-el-projecte-basic-i-dexecucio-i-lestudi-basic-de-seguretat-i-salut-per-a-les-obres-de-construccio-dun-aparcament-public-al-barri-de-la-riba","status":"publish","type":"post","link":"https:\/\/bisbalpenedes.com\/web\/2024\/04\/11\/saprova-inicialment-el-projecte-basic-i-dexecucio-i-lestudi-basic-de-seguretat-i-salut-per-a-les-obres-de-construccio-dun-aparcament-public-al-barri-de-la-riba\/","title":{"rendered":"S&#8217;aprova inicialment el projecte b\u00e0sic i d&#8217;execuci\u00f3 i l&#8217;estudi b\u00e0sic de seguretat i salut per a les obres de construcci\u00f3 d&#8217;un aparcament p\u00fablic al barri de la Riba"},"content":{"rendered":"\n<p>La Junta de Govern del 3 d&#8217;abril va aprovar inicialment el projecte b\u00e0sic i d&#8217;execuci\u00f3 i l&#8217;estudi b\u00e0sic de seguretat i salut per a les obres de construcci\u00f3 d&#8217;un aparcament p\u00fablic al barri de la Riba. El projecte ha estat redactat per Ignasi Forcada Martorell i l&#8217;import d&#8217;execuci\u00f3 de l&#8217;obra ascendeix a 130.661,98\u20ac (IVA incl\u00f2s). El projecte estar\u00e0 exposat al p\u00fablic durant 30 dies des de la seva publicaci\u00f3 al Butllet\u00ed Oficial de la Prov\u00edncia de Tarragona.<\/p>\n\n\n\n<p>L&#8217;equip de govern vol construir aquest aparcament per la densitat d&#8217;habitatges de la zona -que tamb\u00e9 compta amb establiments de restauraci\u00f3 i una resid\u00e8ncia per a la gent gran-, per les dificultats d&#8217;aparcament en la majoria de carrers del barri -pel fet que s\u00f3n estrets- i per les necessitats actuals en qu\u00e8 s&#8217;intensifiquen els despla\u00e7aments i l&#8217;\u00fas del cotxe -aix\u00ed com la quantitat de vehicles per domicili-, que posen de manifest que hi ha una manca de places d&#8217;aparcament.<\/p>\n\n\n\n<p>L&#8217;aparcament comptar\u00e0 amb 58 places per a cotxes, incloent-hi dues places adaptades, i tindr\u00e0 1.632,60m2. La voluntat de l&#8217;Ajuntament de la Bisbal del Pened\u00e8s \u00e9s que l&#8217;aparcament estigui adaptat paisatg\u00edsticament al seu entorn, amb la m\u00ednima petjada ecol\u00f2gica possible, utilitzant materials que podem trobar en l&#8217;entorn, com ara el saul\u00f3, la pedra i l&#8217;arbrat aut\u00f2cton.<\/p>\n\n\n\n<p>A la zona d&#8217;estacionament de vehicles s&#8217;emprar\u00e0 un paviment funcional i sensible amb el medi ambient, com \u00e9s el saul\u00f3 (material de proced\u00e8ncia natural, transpirable, permeable, visualment respectu\u00f3s amb el paisatge i que no s&#8217;escalfa amb les temperatures altes de l&#8217;estiu). A la zona de circulaci\u00f3 de vehicles (els accessos i els carrils per on circulen els vehicles) es far\u00e0 servir un tipus de paviment especial de saul\u00f3, m\u00e9s adequat per al tr\u00e0nsit rodat. La vorera estar\u00e0 pavimentada amb panot, com la resta del barri de la Riba. La separaci\u00f3 amb les parcel\u00b7les agr\u00edcoles ve\u00efnes, ser\u00e0 amb gabions de pedra seca. Totes les places d&#8217;aparcament comptaran amb un element f\u00edsic delimitador per evitar que el vehicle se situ\u00ef fora de la pla\u00e7a. L&#8217;aparcament tamb\u00e9 disposar\u00e0 de 6 fanals situats dins l&#8217;\u00e0mbit de les jardineres, amb llumeneres alimentades amb energia fotovoltaica, activades mitjan\u00e7ant detectors de pres\u00e8ncia, disminuint aix\u00ed la contaminaci\u00f3 lum\u00ednica.<\/p>\n\n\n\n<p>La Regidoria d&#8217;Urbanisme va fer les actuacions necess\u00e0ries per preparar el terreny al febrer, quan es van fer els treballs per netejar i deixar accessible als vehicles un aparcament de terra, tenint en compte que havien comen\u00e7at les obres de millora de les infraestructures del barri de la Riba i que, durant aquestes, es feia necessari oferir alternatives d&#8217;aparcament a aquells ve\u00efns que es trobessin amb dificultats per accedir al seu habitatge amb vehicle, durant els treballs. Ara, l&#8217;aparcament \u00e9s de terra i es pot fer servir. Quan acabin les obres dels carrers, l&#8217;ajuntament dur\u00e0 a terme les actuacions especificades al par\u00e0graf anterior.<\/p>\n\n\n\n<hr class=\"wp-block-separator has-alpha-channel-opacity\"\/>\n\n\n\n<p><strong>CASTELLANO |<\/strong>&nbsp;La Junta de Gobierno del 3 de abril aprob\u00f3 inicialmente el proyecto b\u00e1sico y de ejecuci\u00f3n y el estudio b\u00e1sico de seguridad y salud para las obras de construcci\u00f3n de un aparcamiento p\u00fablico en el barrio de la Riba. El proyecto ha sido redactado por Ignasi Forcada Martorell y el importe de ejecuci\u00f3n de la obra asciende a 130.661,98\u20ac (IVA incluido). El proyecto estar\u00e1 expuesto al p\u00fablico durante 30 d\u00edas desde su publicaci\u00f3n al Bolet\u00edn Oficial de la Provincia de Tarragona.<\/p>\n\n\n\n<p>El equipo de gobierno quiere construir este aparcamiento por la densidad de viviendas de la zona -que tambi\u00e9n cuenta con establecimientos de restauraci\u00f3n y una residencia para la gente mayor-, por las dificultades de aparcamiento en la mayor\u00eda de calles del barrio -por el hecho de que son estrechas- y por las necesidades actuales en que se intensifican los desplazamientos y el uso del coche -as\u00ed como la cantidad de veh\u00edculos por domicilio-, que ponen de manifiesto que hay una carencia de plazas de aparcamiento.<\/p>\n\n\n\n<p>El aparcamiento contar\u00e1 con 58 plazas para coches, incluyendo dos plazas adaptadas, y tendr\u00e1 1.632,60m2. La voluntad del Ajuntament de la Bisbal del Pened\u00e8s es que el aparcamiento est\u00e9 adaptado paisaj\u00edsticamente a su entorno, con la m\u00ednima huella ecol\u00f3gica posible, utilizando materiales que podemos encontrar en el entorno, como por ejemplo el sabl\u00f3n, la piedra y el arbolado aut\u00f3ctono.<\/p>\n\n\n\n<p>En la zona de estacionamiento de veh\u00edculos se utilizar\u00e1 un pavimento funcional y sensible con el medio ambiente, como es el sabl\u00f3n (material de procedencia natural, transpirable, permeable, visualmente respetuoso con el paisaje y que no se calienta con las temperaturas altas del verano). En la zona de circulaci\u00f3n de veh\u00edculos (los accesos y los carriles por donde circulan los veh\u00edculos) se usar\u00e1 un tipo de pavimento especial de sabl\u00f3n, m\u00e1s adecuado para el tr\u00e1fico rodado. La acera estar\u00e1 pavimentada con adoqu\u00edn, como el resto del barrio de la Riba. La separaci\u00f3n con las parcelas agr\u00edcolas vecinas, ser\u00e1 con gaviones de piedra seca. Todas las plazas de aparcamiento contar\u00e1n con un elemento f\u00edsico delimitador para evitar que el veh\u00edculo se sit\u00fae fuera de la plaza. El aparcamiento tambi\u00e9n dispondr\u00e1 de 6 farolas situadas dentro del \u00e1mbito de las jardineras, con lumbreras alimentadas con energ\u00eda fotovoltaica, activadas mediante detectores de presencia, disminuyendo as\u00ed la contaminaci\u00f3n lum\u00ednica.<\/p>\n\n\n\n<p>La Concejal\u00eda de Urbanismo hizo las actuaciones necesarias para preparar el terreno en febrero, cuando se hicieron los trabajos para limpiar y dejar accesible a los veh\u00edculos un aparcamiento de tierra, teniendo en cuenta que hab\u00edan empezado las obras de mejora de las infraestructuras del barrio de la Riba y que, durante estas, se hac\u00eda necesario ofrecer alternativas de aparcamiento a aquellos vecinos que se encontraran con dificultades para acceder en su vivienda con veh\u00edculo, durante los trabajos. Ahora, el aparcamiento es de tierra y se puede usar. Cuando acaben las obras de las calles, el ayuntamiento llevar\u00e1 a cabo las actuaciones especificadas al p\u00e1rrafo anterior.<\/p>\n","protected":false},"excerpt":{"rendered":"<p>La Junta de Govern del 3 d&#8217;abril va aprovar inicialment el projecte b\u00e0sic i d&#8217;execuci\u00f3 i l&#8217;estudi b\u00e0sic de seguretat i salut per a les obres de construcci\u00f3 d&#8217;un aparcament &hellip; <a href=\"https:\/\/bisbalpenedes.com\/web\/2024\/04\/11\/saprova-inicialment-el-projecte-basic-i-dexecucio-i-lestudi-basic-de-seguretat-i-salut-per-a-les-obres-de-construccio-dun-aparcament-public-al-barri-de-la-riba\/\" class=\"more-link\">Read More<\/a><\/p>\n","protected":false},"author":4,"featured_media":29801,"comment_status":"closed","ping_status":"closed","sticky":false,"template":"","format":"standard","meta":[],"categories":[4287,3085,8,15,6393],"tags":[330,459,393,1374],"_links":{"self":[{"href":"https:\/\/bisbalpenedes.com\/web\/wp-json\/wp\/v2\/posts\/29800"}],"collection":[{"href":"https:\/\/bisbalpenedes.com\/web\/wp-json\/wp\/v2\/posts"}],"about":[{"href":"https:\/\/bisbalpenedes.com\/web\/wp-json\/wp\/v2\/types\/post"}],"author":[{"embeddable":true,"href":"https:\/\/bisbalpenedes.com\/web\/wp-json\/wp\/v2\/users\/4"}],"replies":[{"embeddable":true,"href":"https:\/\/bisbalpenedes.com\/web\/wp-json\/wp\/v2\/comments?post=29800"}],"version-history":[{"count":1,"href":"https:\/\/bisbalpenedes.com\/web\/wp-json\/wp\/v2\/posts\/29800\/revisions"}],"predecessor-version":[{"id":29802,"href":"https:\/\/bisbalpenedes.com\/web\/wp-json\/wp\/v2\/posts\/29800\/revisions\/29802"}],"wp:featuredmedia":[{"embeddable":true,"href":"https:\/\/bisbalpenedes.com\/web\/wp-json\/wp\/v2\/media\/29801"}],"wp:attachment":[{"href":"https:\/\/bisbalpenedes.com\/web\/wp-json\/wp\/v2\/media?parent=29800"}],"wp:term":[{"taxonomy":"category","embeddable":true,"href":"https:\/\/bisbalpenedes.com\/web\/wp-json\/wp\/v2\/categories?post=29800"},{"taxonomy":"post_tag","embeddable":true,"href":"https:\/\/bisbalpenedes.com\/web\/wp-json\/wp\/v2\/tags?post=29800"}],"curies":[{"name":"wp","href":"https:\/\/api.w.org\/{rel}","templated":true}]}}