{"id":29785,"date":"2024-04-09T14:11:39","date_gmt":"2024-04-09T12:11:39","guid":{"rendered":"https:\/\/bisbalpenedes.com\/web\/?p=29785"},"modified":"2024-04-09T14:16:11","modified_gmt":"2024-04-09T12:16:11","slug":"la-nova-licitacio-del-servei-de-residus-a-la-bisbal-del-penedes-sera-mes-eficient","status":"publish","type":"post","link":"https:\/\/bisbalpenedes.com\/web\/2024\/04\/09\/la-nova-licitacio-del-servei-de-residus-a-la-bisbal-del-penedes-sera-mes-eficient\/","title":{"rendered":"<strong>La nova licitaci\u00f3 del servei de residus a la Bisbal del Pened\u00e8s ser\u00e0 m\u00e9s eficient<\/strong>"},"content":{"rendered":"\n<p>El Ple del Consell Comarcal del Baix Pened\u00e8s, celebrat el passat dimecres 3 d&#8217;abril, va aprovar els plecs del nou contracte de recollida i transport de residus municipals. El pr\u00f2xim pas ser\u00e0 la licitaci\u00f3 p\u00fablica d&#8217;aquest contracte per a la seva execuci\u00f3 durant els pr\u00f2xims 10 anys. A la Bisbal del Pened\u00e8s aquesta recollida es far\u00e0 amb el sistema porta a porta i es calcula que suposar\u00e0 un estalvi de 289.197,82\u20ac per al municipi.<\/p>\n\n\n\n<p>El nou servei de recollida d&#8217;escombraries de la Bisbal del Pened\u00e8s disposar\u00e0 dels seg\u00fcents serveis:<\/p>\n\n\n\n<p>-Recollida de residus i transport a planta<\/p>\n\n\n\n<p>-Deixalleries: la de Bellvei, la de la Bisbal i la deixalleria m\u00f2bil<\/p>\n\n\n\n<p>-Educaci\u00f3 ambiental<\/p>\n\n\n\n<p>-Recollida porta a porta a tot el municipi (a excepci\u00f3 de Santa Cristina, on el servei el fa l&#8217;Ajuntament de Rodony\u00e0; i el Papagai, on el servei el du a terme l\u2019Ajuntament de Sant Jaume dels Domenys).<\/p>\n\n\n\n<p>-Recollida de vidre amb contenidors<\/p>\n\n\n\n<p>-Nous cubells per als habitatges<\/p>\n\n\n\n<p>-Recollida de voluminosos abandonats<\/p>\n\n\n\n<p>-Recollida de voluminosos porta a porta<\/p>\n\n\n\n<p>-Recollida per festes<\/p>\n\n\n\n<p>-Recollida del mercat<\/p>\n\n\n\n<p>-Recollida porta a porta de la poda<\/p>\n\n\n\n<p>En l&#8217;actualitat, el cost anual del servei \u00e9s de 695.632,92\u20ac i es calcula que el cost amb el nou servei rebaixar\u00e0 aquesta xifra fins als 406.435,10\u20ac. Entre els objectius a complir, es persegueix reduir la fracci\u00f3 de resta, disminuir la petjada de carboni i acomplir els objectius de recollida selectiva fins a assolir un 65% dels residus urbans, tal com estableix la directiva europea. Amb el nou servei, es volen incorporar innovacions que han de permetre fer un salt qualitatiu en mat\u00e8ria de recollida selectiva a la comarca del Baix Pened\u00e8s; i es volen fomentar aquelles mesures que fomentin la prevenci\u00f3, la preparaci\u00f3 per a la reutilitzaci\u00f3, el reciclatge, qualsevol altra mena de valoraci\u00f3 (inclosa l&#8217;energ\u00e8tica) i l&#8217;eliminaci\u00f3. Entre d&#8217;altres, es renovar\u00e0 la flota de vehicles, part de la maquin\u00e0ria i altres equips adscrits als serveis per a la millora de la sostenibilitat i efic\u00e0cia en la gesti\u00f3 del servei; es facilitaran nous contenidors per als habitatges; s&#8217;implementar\u00e0 el model porta a porta de recollida, ja que \u00e9s un model eficient; i hi haur\u00e0 informaci\u00f3 i educaci\u00f3 ambiental constant adre\u00e7ada a la ciutadania. En aquest sentit, quan l&#8217;Ajuntament de la Bisbal del Pened\u00e8s estigui a punt de posar en marxa el servei -que preveu la recollida en urbanitzacions on hi ha segones resid\u00e8ncies-, facilitar\u00e0 tota la informaci\u00f3 sobre aquest als ve\u00efns i les ve\u00efnes del municipi.<\/p>\n\n\n\n<hr class=\"wp-block-separator has-alpha-channel-opacity\"\/>\n\n\n\n<p><strong>CASTELLANO |<\/strong>&nbsp;El Pleno del Consell Comarcal del Baix Pened\u00e8s, celebrado el pasado mi\u00e9rcoles 3 de abril, aprob\u00f3 los pliegos del nuevo contrato de recogida y transporte de residuos municipales. El pr\u00f3ximo paso ser\u00e1 la licitaci\u00f3n p\u00fablica de este contrato para su ejecuci\u00f3n durante los pr\u00f3ximos 10 a\u00f1os. En la Bisbal del Pened\u00e8s esta recogida se har\u00e1 con el sistema puerta a puerta y se calcula que supondr\u00e1 un ahorro de 289.197,82\u20ac para el municipio.<\/p>\n\n\n\n<p>El nuevo servicio de recogida de basura de la Bisbal del Pened\u00e8s dispondr\u00e1 de los siguientes servicios:<\/p>\n\n\n\n<p>-Recogida de residuos y transporte a planta<\/p>\n\n\n\n<p>-Puntos verdes: el de Bellvei, el de la Bisbal y la m\u00f3vil<\/p>\n\n\n\n<p>-Educaci\u00f3n ambiental<\/p>\n\n\n\n<p>-Recogida puerta a puerta en todo el municipio (a excepci\u00f3n de Santa Cristina, donde el servicio lo hace el Ajuntament de Rodony\u00e0; y el Papagai, donde el servicio lo lleva a cabo el Ajuntament de Sant Jaume dels Domenys).<\/p>\n\n\n\n<p>-Recogida de vidrio con contenedores<\/p>\n\n\n\n<p>-Nuevos cubos para las viviendas<\/p>\n\n\n\n<p>-Recogida de voluminosos abandonados<\/p>\n\n\n\n<p>-Recogida de voluminosos puerta a puerta<\/p>\n\n\n\n<p>-Recogida por fiestas<\/p>\n\n\n\n<p>-Recogida del mercado<\/p>\n\n\n\n<p>-Recogida puerta a puerta de la poda<\/p>\n\n\n\n<p>En la actualidad, el coste anual del servicio es de 695.632,92\u20ac y se calcula que el coste con el nuevo servicio rebajar\u00e1 esta cifra hasta los 406.435,10\u20ac. Entre los objetivos a cumplir, se persigue reducir la fracci\u00f3n de resto, disminuir la huella de carbono y cumplir los objetivos de recogida selectiva hasta lograr un 65% de los residuos urbanos, tal como establece la directiva europea. Con el nuevo servicio, se quieren incorporar innovaciones que tienen que permitir hacer un salto cualitativo en materia de recogida selectiva en la comarca del Baix Pened\u00e8s; y se quieren fomentar aquellas medidas que fomenten la prevenci\u00f3n, la preparaci\u00f3n para la reutilizaci\u00f3n, el reciclaje, cualquier otro tipo de valoraci\u00f3n (incluida la energ\u00e9tica) y la eliminaci\u00f3n. Entre otros, se renovar\u00e1 la flota de veh\u00edculos, parte de la maquinaria y otros equipos adscritos a los servicios para la mejora de la sostenibilidad y eficacia en la gesti\u00f3n del servicio; se facilitar\u00e1n nuevos contenedores para las viviendas; se implementar\u00e1 el modelo puerta a puerta de recogida, puesto que es un modelo eficiente; y habr\u00e1 informaci\u00f3n y educaci\u00f3n ambiental constante dirigida a la ciudadan\u00eda. En este sentido, cuando el Ajuntament de la Bisbal del Pened\u00e8s est\u00e9 a punto de poner en marcha el servicio -que prev\u00e9 la recogida en urbanizaciones en las que hay segundas residencias-, facilitar\u00e1 toda la informaci\u00f3n sobre este a los vecinos.<\/p>\n","protected":false},"excerpt":{"rendered":"<p>El Ple del Consell Comarcal del Baix Pened\u00e8s, celebrat el passat dimecres 3 d&#8217;abril, va aprovar els plecs del nou contracte de recollida i transport de residus municipals. El pr\u00f2xim &hellip; <a href=\"https:\/\/bisbalpenedes.com\/web\/2024\/04\/09\/la-nova-licitacio-del-servei-de-residus-a-la-bisbal-del-penedes-sera-mes-eficient\/\" class=\"more-link\">Read More<\/a><\/p>\n","protected":false},"author":4,"featured_media":29786,"comment_status":"closed","ping_status":"closed","sticky":false,"template":"","format":"standard","meta":[],"categories":[2983,3137,3215,8],"tags":[459,1479,393,1374],"_links":{"self":[{"href":"https:\/\/bisbalpenedes.com\/web\/wp-json\/wp\/v2\/posts\/29785"}],"collection":[{"href":"https:\/\/bisbalpenedes.com\/web\/wp-json\/wp\/v2\/posts"}],"about":[{"href":"https:\/\/bisbalpenedes.com\/web\/wp-json\/wp\/v2\/types\/post"}],"author":[{"embeddable":true,"href":"https:\/\/bisbalpenedes.com\/web\/wp-json\/wp\/v2\/users\/4"}],"replies":[{"embeddable":true,"href":"https:\/\/bisbalpenedes.com\/web\/wp-json\/wp\/v2\/comments?post=29785"}],"version-history":[{"count":3,"href":"https:\/\/bisbalpenedes.com\/web\/wp-json\/wp\/v2\/posts\/29785\/revisions"}],"predecessor-version":[{"id":29789,"href":"https:\/\/bisbalpenedes.com\/web\/wp-json\/wp\/v2\/posts\/29785\/revisions\/29789"}],"wp:featuredmedia":[{"embeddable":true,"href":"https:\/\/bisbalpenedes.com\/web\/wp-json\/wp\/v2\/media\/29786"}],"wp:attachment":[{"href":"https:\/\/bisbalpenedes.com\/web\/wp-json\/wp\/v2\/media?parent=29785"}],"wp:term":[{"taxonomy":"category","embeddable":true,"href":"https:\/\/bisbalpenedes.com\/web\/wp-json\/wp\/v2\/categories?post=29785"},{"taxonomy":"post_tag","embeddable":true,"href":"https:\/\/bisbalpenedes.com\/web\/wp-json\/wp\/v2\/tags?post=29785"}],"curies":[{"name":"wp","href":"https:\/\/api.w.org\/{rel}","templated":true}]}}