{"id":29782,"date":"2024-04-09T14:02:08","date_gmt":"2024-04-09T12:02:08","guid":{"rendered":"https:\/\/bisbalpenedes.com\/web\/?p=29782"},"modified":"2024-04-09T14:02:08","modified_gmt":"2024-04-09T12:02:08","slug":"saprova-loferta-publica-docupacio-de-lajuntament-de-la-bisbal-del-penedes-per-al-2024%ef%bf%bc","status":"publish","type":"post","link":"https:\/\/bisbalpenedes.com\/web\/2024\/04\/09\/saprova-loferta-publica-docupacio-de-lajuntament-de-la-bisbal-del-penedes-per-al-2024%ef%bf%bc\/","title":{"rendered":"S&#8217;aprova l&#8217;oferta p\u00fablica d&#8217;ocupaci\u00f3 de l&#8217;Ajuntament de La Bisbal del Pened\u00e8s per al 2024\ufffc"},"content":{"rendered":"\n<p>El passat 28 de mar\u00e7 es va aprovar, per Decret d&#8217;alcaldia, l&#8217;oferta p\u00fablica d&#8217;ocupaci\u00f3 de l&#8217;Ajuntament de la Bisbal del Pened\u00e8s, que cont\u00e9 12 places: 8 places de personal funcionari i 4 de personal laboral. S\u00f3n les seg\u00fcents:<\/p>\n\n\n\n<ul><li>Pla\u00e7a d&#8217;A1 de t\u00e8cnic\/a d&#8217;administraci\u00f3 general, per promoci\u00f3 interna.<\/li><li>Pla\u00e7a d&#8217;A2 de t\u00e8cnic\/a mitj\u00e0\/na d&#8217;intervenci\u00f3, per promoci\u00f3 interna.<\/li><li>Pla\u00e7a d&#8217;A2 de t\u00e8cnic\/a mitj\u00e0\/na de cultura, per promoci\u00f3 interna.<\/li><li>Quatre places de C1 d&#8217;administratiu\/va de promoci\u00f3 interna.<\/li><li>Pla\u00e7a de C1 d&#8217;administratiu\/va, per convocat\u00f2ria oberta.<\/li><li>Pla\u00e7a d&#8217;A2 de t\u00e8cnic\/a mitj\u00e0\/na d&#8217;arxiu i biblioteca per convocat\u00f2ria oberta.<\/li><li>Pla\u00e7a de C1 de t\u00e8cnic\/a d&#8217;educaci\u00f3 infantil per convocat\u00f2ria oberta<\/li><li>Dues places d&#8217;AP de pe\u00f3 de neteja per convocat\u00f2ria oberta<\/li><\/ul>\n\n\n\n<p>Aquests places es convocaran en els pr\u00f2xims tres anys.<\/p>\n\n\n\n<hr class=\"wp-block-separator has-alpha-channel-opacity\"\/>\n\n\n\n<p><strong>CASTELLANO |\u00a0<\/strong>El pasado 28 de marzo se aprob\u00f3, por Decreto de alcald\u00eda, la oferta p\u00fablica de ocupaci\u00f3n del Ajuntament de la Bisbal del Pened\u00e8s, que contiene 12 plazas: 8 plazas de personal funcionario y 4 de personal laboral. Son las siguientesPlaza de A1 de t\u00e9cnico\/a de administraci\u00f3n general, por promoci\u00f3n interna.<\/p>\n\n\n\n<ul><li>Plaza de A2 de t\u00e9cnico\/a medio\/a de intervenci\u00f3n, por promoci\u00f3n interna.<\/li><li>Plaza de A2 de t\u00e9cnico\/a medio de cultura, por promoci\u00f3n interna.<\/li><li>Cuatro plazas de C1 de administrativo\/va de promoci\u00f3n interna.<\/li><li>Plaza de C1 de administrativo\/va, por convocatoria abierta.<\/li><li>Plaza de A2 de t\u00e9cnico\/a medio\/a de archivo y biblioteca por convocatoria abierta.<\/li><li>Plaza de C1 de t\u00e9cnico\/a de educaci\u00f3n infantil por convocatoria abierta.<\/li><li>Dos plazas de AP de pe\u00f3n de limpieza por convocatoria abierta.<\/li><\/ul>\n\n\n\n<p>Estas plazas se convocar\u00e1n en los pr\u00f3ximos tres a\u00f1os.<\/p>\n","protected":false},"excerpt":{"rendered":"<p>El passat 28 de mar\u00e7 es va aprovar, per Decret d&#8217;alcaldia, l&#8217;oferta p\u00fablica d&#8217;ocupaci\u00f3 de l&#8217;Ajuntament de la Bisbal del Pened\u00e8s, que cont\u00e9 12 places: 8 places de personal funcionari &hellip; <a href=\"https:\/\/bisbalpenedes.com\/web\/2024\/04\/09\/saprova-loferta-publica-docupacio-de-lajuntament-de-la-bisbal-del-penedes-per-al-2024%ef%bf%bc\/\" class=\"more-link\">Read More<\/a><\/p>\n","protected":false},"author":4,"featured_media":29020,"comment_status":"closed","ping_status":"closed","sticky":false,"template":"","format":"standard","meta":[],"categories":[2402,2057,8],"tags":[216,459,393,6568],"_links":{"self":[{"href":"https:\/\/bisbalpenedes.com\/web\/wp-json\/wp\/v2\/posts\/29782"}],"collection":[{"href":"https:\/\/bisbalpenedes.com\/web\/wp-json\/wp\/v2\/posts"}],"about":[{"href":"https:\/\/bisbalpenedes.com\/web\/wp-json\/wp\/v2\/types\/post"}],"author":[{"embeddable":true,"href":"https:\/\/bisbalpenedes.com\/web\/wp-json\/wp\/v2\/users\/4"}],"replies":[{"embeddable":true,"href":"https:\/\/bisbalpenedes.com\/web\/wp-json\/wp\/v2\/comments?post=29782"}],"version-history":[{"count":1,"href":"https:\/\/bisbalpenedes.com\/web\/wp-json\/wp\/v2\/posts\/29782\/revisions"}],"predecessor-version":[{"id":29783,"href":"https:\/\/bisbalpenedes.com\/web\/wp-json\/wp\/v2\/posts\/29782\/revisions\/29783"}],"wp:featuredmedia":[{"embeddable":true,"href":"https:\/\/bisbalpenedes.com\/web\/wp-json\/wp\/v2\/media\/29020"}],"wp:attachment":[{"href":"https:\/\/bisbalpenedes.com\/web\/wp-json\/wp\/v2\/media?parent=29782"}],"wp:term":[{"taxonomy":"category","embeddable":true,"href":"https:\/\/bisbalpenedes.com\/web\/wp-json\/wp\/v2\/categories?post=29782"},{"taxonomy":"post_tag","embeddable":true,"href":"https:\/\/bisbalpenedes.com\/web\/wp-json\/wp\/v2\/tags?post=29782"}],"curies":[{"name":"wp","href":"https:\/\/api.w.org\/{rel}","templated":true}]}}