{"id":29775,"date":"2024-04-09T10:24:00","date_gmt":"2024-04-09T08:24:00","guid":{"rendered":"https:\/\/bisbalpenedes.com\/web\/?p=29775"},"modified":"2024-04-09T10:24:00","modified_gmt":"2024-04-09T08:24:00","slug":"lajuntament-de-la-bisbal-del-penedes-ha-estat-present-a-celebracio-dels-30-anys-de-jove-baix-penedes","status":"publish","type":"post","link":"https:\/\/bisbalpenedes.com\/web\/2024\/04\/09\/lajuntament-de-la-bisbal-del-penedes-ha-estat-present-a-celebracio-dels-30-anys-de-jove-baix-penedes\/","title":{"rendered":"L&#8217;Ajuntament de la Bisbal del Pened\u00e8s ha estat present a celebraci\u00f3 dels 30 anys de Jove Baix Pened\u00e8s"},"content":{"rendered":"\n<p>El passat dissabte 6 d&#8217;abril, l&#8217;alcaldessa Agn\u00e8s Ferr\u00e9; el regidor de Joventut, Joan Gimeno; i la t\u00e8cnica de Joventut, Arantzazu Longares; van assistir a la festa de celebraci\u00f3 dels 30 anys de Jove Baix Pened\u00e8s. L&#8217;acte era obert a tothom i va comptar amb la pres\u00e8ncia del Conseller de Drets Socials, Carles Campuzano. Tamb\u00e9 es va fer un vermut musical amb les veus i guitarres de les baixpenedesenques A\u00efda i J\u00falia.<\/p>\n\n\n\n<p>L&#8217;Ajuntament de la Bisbal del Pened\u00e8s va formar part de Jove Baix Pened\u00e8s del 1996 fins al 2009, quan l&#8217;ajuntament es va donar de baixa. El 2015 va tornar a entrar a formar part del projecte i hi \u00e9s fins al dia d&#8217;avui. De fet, la Regidoria de Joventut de l&#8217;Ajuntament de la Bisbal del Pened\u00e8s es va crear el 2003, quan l&#8217;actual alcaldessa de la Bisbal del Pened\u00e8s, Agn\u00e8s Ferr\u00e9, era regidora d&#8217;aquesta \u00e0rea i, en aquell moment, l&#8217;Ajuntament de la Bisbal del Pened\u00e8s formava part del projecte comarcal.<\/p>\n\n\n\n<p>Jove Baix Pened\u00e8s (JBP) \u00e9s un projecte de pol\u00edtiques de joventut a escala comarcal, creat el 1994 pel Consell Comarcal del Baix Pened\u00e8s (CCBP) en estreta col\u00b7laboraci\u00f3 amb els ajuntaments de la comarca, amb l&#8217;objectiu que els municipis poguessin d&#8217;oferir als joves de la comarca serveis, activitats, informaci\u00f3 i recursos \u00fatils i adaptats a la realitat i necessitats dels joves. De fet, el treball de Jove Baix Pened\u00e8s es fa en xarxa i es duen a terme accions de formaci\u00f3 i ocupaci\u00f3, salut, cultura, oci i difusi\u00f3. Val a dir que JBP s&#8217;emmarca dins les set estrat\u00e8gies del Pla Nacional de Joventut de Catalunya, ja que tira endavant accions amb la finalitat d&#8217;aconseguir l&#8217;emancipaci\u00f3 i la participaci\u00f3 dels joves dels municipis de la comarca.<\/p>\n\n\n\n<figure class=\"wp-container-2 wp-block-gallery-1 wp-block-gallery has-nested-images columns-default is-cropped\">\n<figure class=\"wp-block-image size-large\"><img loading=\"lazy\" width=\"1024\" height=\"768\" data-id=\"29778\"  src=\"https:\/\/bisbalpenedes.com\/web\/wp-content\/uploads\/2024\/04\/JOVE-BP-2-1024x768.jpg\" alt=\"\" class=\"wp-image-29778\" srcset=\"https:\/\/bisbalpenedes.com\/web\/wp-content\/uploads\/2024\/04\/JOVE-BP-2-1024x768.jpg 1024w, https:\/\/bisbalpenedes.com\/web\/wp-content\/uploads\/2024\/04\/JOVE-BP-2-300x225.jpg 300w, https:\/\/bisbalpenedes.com\/web\/wp-content\/uploads\/2024\/04\/JOVE-BP-2-768x576.jpg 768w, https:\/\/bisbalpenedes.com\/web\/wp-content\/uploads\/2024\/04\/JOVE-BP-2-1536x1152.jpg 1536w, https:\/\/bisbalpenedes.com\/web\/wp-content\/uploads\/2024\/04\/JOVE-BP-2-2048x1536.jpg 2048w, https:\/\/bisbalpenedes.com\/web\/wp-content\/uploads\/2024\/04\/JOVE-BP-2-600x450.jpg 600w\" sizes=\"(max-width: 1024px) 100vw, 1024px\" \/><\/figure>\n\n\n\n<figure class=\"wp-block-image size-large\"><img loading=\"lazy\" width=\"1024\" height=\"768\" data-id=\"29779\"  src=\"https:\/\/bisbalpenedes.com\/web\/wp-content\/uploads\/2024\/04\/JOVE-BP-3-1024x768.jpg\" alt=\"\" class=\"wp-image-29779\" srcset=\"https:\/\/bisbalpenedes.com\/web\/wp-content\/uploads\/2024\/04\/JOVE-BP-3-1024x768.jpg 1024w, https:\/\/bisbalpenedes.com\/web\/wp-content\/uploads\/2024\/04\/JOVE-BP-3-300x225.jpg 300w, https:\/\/bisbalpenedes.com\/web\/wp-content\/uploads\/2024\/04\/JOVE-BP-3-768x576.jpg 768w, https:\/\/bisbalpenedes.com\/web\/wp-content\/uploads\/2024\/04\/JOVE-BP-3-1536x1152.jpg 1536w, https:\/\/bisbalpenedes.com\/web\/wp-content\/uploads\/2024\/04\/JOVE-BP-3-2048x1536.jpg 2048w, https:\/\/bisbalpenedes.com\/web\/wp-content\/uploads\/2024\/04\/JOVE-BP-3-600x450.jpg 600w\" sizes=\"(max-width: 1024px) 100vw, 1024px\" \/><\/figure>\n\n\n\n<figure class=\"wp-block-image size-large\"><img loading=\"lazy\" width=\"1024\" height=\"768\" data-id=\"29777\"  src=\"https:\/\/bisbalpenedes.com\/web\/wp-content\/uploads\/2024\/04\/JOVE-BP-4-1024x768.jpg\" alt=\"\" class=\"wp-image-29777\" srcset=\"https:\/\/bisbalpenedes.com\/web\/wp-content\/uploads\/2024\/04\/JOVE-BP-4-1024x768.jpg 1024w, https:\/\/bisbalpenedes.com\/web\/wp-content\/uploads\/2024\/04\/JOVE-BP-4-300x225.jpg 300w, https:\/\/bisbalpenedes.com\/web\/wp-content\/uploads\/2024\/04\/JOVE-BP-4-768x576.jpg 768w, https:\/\/bisbalpenedes.com\/web\/wp-content\/uploads\/2024\/04\/JOVE-BP-4-1536x1152.jpg 1536w, https:\/\/bisbalpenedes.com\/web\/wp-content\/uploads\/2024\/04\/JOVE-BP-4-600x450.jpg 600w, https:\/\/bisbalpenedes.com\/web\/wp-content\/uploads\/2024\/04\/JOVE-BP-4.jpg 2048w\" sizes=\"(max-width: 1024px) 100vw, 1024px\" \/><\/figure>\n<\/figure>\n\n\n\n<hr class=\"wp-block-separator has-alpha-channel-opacity\"\/>\n\n\n\n<p><strong>CASTELLANO |<\/strong> El pasado s\u00e1bado 6 de abril, la alcaldesa Agn\u00e8s Ferr\u00e9; el concejal de Juventud, Joan Gimeno; y la t\u00e9cnica de Juventud, Arantzazu Longares; asistieron a la fiesta de celebraci\u00f3n de los 30 a\u00f1os de Jove Baix Pened\u00e8s. El acto era abierto a todo el mundo y cont\u00f3 con la presencia del Concejal de Derechos Sociales, Carles Campuzano. Tambi\u00e9n se hizo un vermut musical con las voces y guitarras de las baixpenedesenques &#8216;A\u00efda i J\u00falia&#8217;.<\/p>\n\n\n\n<p>El Ajuntament de la Bisbal del Pened\u00e8s form\u00f3 parte de Jove Baix Pened\u00e8s del 1996 hasta el 2009, cuando el ayuntamiento se dio de baja. El 2015 volvi\u00f3 a entrar a formar parte del proyecto y ha estado en este hasta el d\u00eda de hoy. De hecho, la Concejal\u00eda de Juventud del Ajuntament de la Bisbal del Pened\u00e8s se cre\u00f3 en el 2003, cuando la actual alcaldesa de la Bisbal del Pened\u00e8s, Agn\u00e8s Ferr\u00e9, era regidora de esta \u00e1rea y, en aquel momento, el Ajuntament de la Bisbal del Pened\u00e8s formaba parte del proyecto comarcal.<\/p>\n\n\n\n<p>Jove Baix Pened\u00e8s (JBP) es un proyecto de pol\u00edticas de juventud a escala comarcal, creado el 1994 por el Consell Comarcal del Baix Pened\u00e8s (CCBP) en estrecha colaboraci\u00f3n con los ayuntamientos de la comarca, con el objetivo que los municipios pudieran ofrecer a los j\u00f3venes de la comarca servicios, actividades, informaci\u00f3n y recursos \u00fatiles y adaptados a la realidad y necesidades de los j\u00f3venes. De hecho, el trabajo de Jove Baix Pened\u00e8s se hace en red y se llevan a cabo acciones de formaci\u00f3n y ocupaci\u00f3n, salud, cultura, ocio y difusi\u00f3n. Cabe decir que JBP se enmarca dentro de las siete estrategias del Pla Nacional de Joventut de Catalunya, puesto que saca adelante acciones con el fin de conseguir la emancipaci\u00f3n y la participaci\u00f3n de los j\u00f3venes de los municipios de la comarca.<\/p>\n","protected":false},"excerpt":{"rendered":"<p>El passat dissabte 6 d&#8217;abril, l&#8217;alcaldessa Agn\u00e8s Ferr\u00e9; el regidor de Joventut, Joan Gimeno; i la t\u00e8cnica de Joventut, Arantzazu Longares; van assistir a la festa de celebraci\u00f3 dels 30 &hellip; <a href=\"https:\/\/bisbalpenedes.com\/web\/2024\/04\/09\/lajuntament-de-la-bisbal-del-penedes-ha-estat-present-a-celebracio-dels-30-anys-de-jove-baix-penedes\/\" class=\"more-link\">Read More<\/a><\/p>\n","protected":false},"author":4,"featured_media":29776,"comment_status":"closed","ping_status":"closed","sticky":false,"template":"","format":"standard","meta":[],"categories":[2983,3137,4269,8],"tags":[459,1057,210,393],"_links":{"self":[{"href":"https:\/\/bisbalpenedes.com\/web\/wp-json\/wp\/v2\/posts\/29775"}],"collection":[{"href":"https:\/\/bisbalpenedes.com\/web\/wp-json\/wp\/v2\/posts"}],"about":[{"href":"https:\/\/bisbalpenedes.com\/web\/wp-json\/wp\/v2\/types\/post"}],"author":[{"embeddable":true,"href":"https:\/\/bisbalpenedes.com\/web\/wp-json\/wp\/v2\/users\/4"}],"replies":[{"embeddable":true,"href":"https:\/\/bisbalpenedes.com\/web\/wp-json\/wp\/v2\/comments?post=29775"}],"version-history":[{"count":1,"href":"https:\/\/bisbalpenedes.com\/web\/wp-json\/wp\/v2\/posts\/29775\/revisions"}],"predecessor-version":[{"id":29780,"href":"https:\/\/bisbalpenedes.com\/web\/wp-json\/wp\/v2\/posts\/29775\/revisions\/29780"}],"wp:featuredmedia":[{"embeddable":true,"href":"https:\/\/bisbalpenedes.com\/web\/wp-json\/wp\/v2\/media\/29776"}],"wp:attachment":[{"href":"https:\/\/bisbalpenedes.com\/web\/wp-json\/wp\/v2\/media?parent=29775"}],"wp:term":[{"taxonomy":"category","embeddable":true,"href":"https:\/\/bisbalpenedes.com\/web\/wp-json\/wp\/v2\/categories?post=29775"},{"taxonomy":"post_tag","embeddable":true,"href":"https:\/\/bisbalpenedes.com\/web\/wp-json\/wp\/v2\/tags?post=29775"}],"curies":[{"name":"wp","href":"https:\/\/api.w.org\/{rel}","templated":true}]}}