{"id":29771,"date":"2024-04-08T14:01:54","date_gmt":"2024-04-08T12:01:54","guid":{"rendered":"https:\/\/bisbalpenedes.com\/web\/?p=29771"},"modified":"2024-04-08T14:04:31","modified_gmt":"2024-04-08T12:04:31","slug":"saprova-un-contracte-menor-per-reparar-lascensor-de-ledifici-de-lajuntament","status":"publish","type":"post","link":"https:\/\/bisbalpenedes.com\/web\/2024\/04\/08\/saprova-un-contracte-menor-per-reparar-lascensor-de-ledifici-de-lajuntament\/","title":{"rendered":"<strong>S&#8217;aprova un contracte menor per reparar l&#8217;ascensor de l&#8217;edifici de l&#8217;Ajuntament<\/strong>"},"content":{"rendered":"\n<p>La Junta de Govern local del passat 3 d&#8217;abril va aprovar el contracte menor amb l&#8217;empresa Ascensores Ersce SAU per tirar endavant les obres de reparaci\u00f3 de l&#8217;ascensor de l&#8217;edifici de l&#8217;Ajuntament de la Bisbal del Pened\u00e8s, consistents en la substituci\u00f3 del grup tractor de l&#8217;ascensor i el canvi del quadre de maniobres. L&#8217;import de les actuacions ascendeix a 15.649,33\u20ac (IVA incl\u00f2s).<\/p>\n\n\n\n<p>En una revisi\u00f3 de manteniment es va detectar folgan\u00e7a en la m\u00e0quina tractora, la qual provocava petits problemes en l&#8217;ascensor, com ara desajustos en l&#8217;al\u00e7ada del s\u00f2l de la cabina amb el s\u00f2l de l&#8217;edifici. A la llarga, aix\u00f2 podria provocar problemes de seguretat i, per aquest motiu, s&#8217;ha decidit tirar endavant aquesta actuaci\u00f3, amb l&#8217;objectiu de protegir el nou grup tractor, allargar la vida \u00fatil de l&#8217;ascensor i assegurar un \u00fas m\u00e9s eficient d&#8217;aquest.<\/p>\n\n\n\n<hr class=\"wp-block-separator has-alpha-channel-opacity\"\/>\n\n\n\n<p>La Junta de Gobierno local del pasado 3 de abril aprob\u00f3 el contrato menor con la empresa Ascensores Ersce SAU para llevar a cabo las obras de reparaci\u00f3n del ascensor del edificio del Ajuntament de la Bisbal del Pened\u00e8s, consistentes en la sustituci\u00f3n del grupo tractor del ascensor y el cambio del cuadro de maniobras. El importe de las actuaciones asciende a 15.649,33\u20ac (IVA incluido).<\/p>\n\n\n\n<p>En una revisi\u00f3n de mantenimiento se detect\u00f3 holgura en la m\u00e1quina tractora, la cual provocaba peque\u00f1os problemas en el ascensor, como por ejemplo desajustes en la altura del suelo de la cabina con el suelo del edificio. A la larga, esto podr\u00eda provocar problemas de seguridad y, por este motivo, se ha decidido llevar a cabo esta actuaci\u00f3n, con el objetivo de proteger el nuevo grupo tractor, alargar la vida \u00fatil del ascensor y asegurar un uso m\u00e1s eficiente del mismo.<\/p>\n","protected":false},"excerpt":{"rendered":"<p>La Junta de Govern local del passat 3 d&#8217;abril va aprovar el contracte menor amb l&#8217;empresa Ascensores Ersce SAU per tirar endavant les obres de reparaci\u00f3 de l&#8217;ascensor de l&#8217;edifici &hellip; <a href=\"https:\/\/bisbalpenedes.com\/web\/2024\/04\/08\/saprova-un-contracte-menor-per-reparar-lascensor-de-ledifici-de-lajuntament\/\" class=\"more-link\">Read More<\/a><\/p>\n","protected":false},"author":4,"featured_media":29020,"comment_status":"closed","ping_status":"closed","sticky":false,"template":"","format":"standard","meta":[],"categories":[3085,8],"tags":[686,393,1374],"_links":{"self":[{"href":"https:\/\/bisbalpenedes.com\/web\/wp-json\/wp\/v2\/posts\/29771"}],"collection":[{"href":"https:\/\/bisbalpenedes.com\/web\/wp-json\/wp\/v2\/posts"}],"about":[{"href":"https:\/\/bisbalpenedes.com\/web\/wp-json\/wp\/v2\/types\/post"}],"author":[{"embeddable":true,"href":"https:\/\/bisbalpenedes.com\/web\/wp-json\/wp\/v2\/users\/4"}],"replies":[{"embeddable":true,"href":"https:\/\/bisbalpenedes.com\/web\/wp-json\/wp\/v2\/comments?post=29771"}],"version-history":[{"count":2,"href":"https:\/\/bisbalpenedes.com\/web\/wp-json\/wp\/v2\/posts\/29771\/revisions"}],"predecessor-version":[{"id":29773,"href":"https:\/\/bisbalpenedes.com\/web\/wp-json\/wp\/v2\/posts\/29771\/revisions\/29773"}],"wp:featuredmedia":[{"embeddable":true,"href":"https:\/\/bisbalpenedes.com\/web\/wp-json\/wp\/v2\/media\/29020"}],"wp:attachment":[{"href":"https:\/\/bisbalpenedes.com\/web\/wp-json\/wp\/v2\/media?parent=29771"}],"wp:term":[{"taxonomy":"category","embeddable":true,"href":"https:\/\/bisbalpenedes.com\/web\/wp-json\/wp\/v2\/categories?post=29771"},{"taxonomy":"post_tag","embeddable":true,"href":"https:\/\/bisbalpenedes.com\/web\/wp-json\/wp\/v2\/tags?post=29771"}],"curies":[{"name":"wp","href":"https:\/\/api.w.org\/{rel}","templated":true}]}}