{"id":2977,"date":"2017-07-31T11:29:25","date_gmt":"2017-07-31T05:29:25","guid":{"rendered":"http:\/\/bisbalpenedes.com\/web\/?p=2977"},"modified":"2017-07-31T11:29:52","modified_gmt":"2017-07-31T05:29:52","slug":"la-regidoria-deducacio-treballa-en-la-millora-de-leficiencia-energetica-de-la-llar-dinfants","status":"publish","type":"post","link":"https:\/\/bisbalpenedes.com\/web\/2017\/07\/31\/la-regidoria-deducacio-treballa-en-la-millora-de-leficiencia-energetica-de-la-llar-dinfants\/","title":{"rendered":"La Regidoria d&#8217;Educaci\u00f3 treballa en la millora de l&#8217;efici\u00e8ncia energ\u00e8tica de la Llar d&#8217;Infants"},"content":{"rendered":"<p><a href=\"http:\/\/bisbalpenedes.com\/web\/wp-content\/uploads\/2017\/07\/unnamed-3.jpg\"><img loading=\"lazy\" class=\"aligncenter size-large wp-image-2808\" title=\"Maguy llar d'infants\" src=\"http:\/\/bisbalpenedes.com\/web\/wp-content\/uploads\/2017\/07\/unnamed-3-1024x566.jpg\" alt=\"\" width=\"630\" height=\"348\" srcset=\"https:\/\/bisbalpenedes.com\/web\/wp-content\/uploads\/2017\/07\/unnamed-3-1024x566.jpg 1024w, https:\/\/bisbalpenedes.com\/web\/wp-content\/uploads\/2017\/07\/unnamed-3-600x332.jpg 600w, https:\/\/bisbalpenedes.com\/web\/wp-content\/uploads\/2017\/07\/unnamed-3-300x165.jpg 300w\" sizes=\"(max-width: 630px) 100vw, 630px\" \/><\/a><\/p>\n<p>La Regidoria d&#8217;Educaci\u00f3 de l&#8217;Ajuntament de La Bisbal del Pened\u00e8s est\u00e0 treballant en la millora de l&#8217;efici\u00e8ncia energ\u00e8tica de la Llar d&#8217;Infants. Segons explica la regidora, Maguy Antol\u00edn,&#8221;des que vaig comen\u00e7ar a treballar amb el departament d&#8217;Enginyeria i especialistes en geotermia en el projecte de &#8216;reestructuraci\u00f3 energ\u00e8tica&#8217; de la Llar d&#8217;infants, hem aconseguit refrigerar l&#8217;entrada i el gran passad\u00eds de les instal\u00b7lacions. A m\u00e9s, hem aconseguit un estalvi substancial de 300\u20ac mensuals en la factura de la llum&#8221;. La regidora fa saber als bisbalencs i les bisbalenques que segueix treballant en aquest projecte &#8220;per aconseguir que aquestes instal\u00b7lacions siguin encara m\u00e9s eficients i oferir un benestar substancial als alumnes i les mestres del centre&#8221;.<\/p>\n<p>&nbsp;<\/p>\n<p><strong>CASTELLANO<\/strong><\/p>\n<p>La Regidoria d&#8217;Educaci\u00f3 del Ayuntamiento de La Bisbal del Pened\u00e8s est\u00e1 trabajando en la mejora de la eficiencia energ\u00e9tica de la Llar d&#8217;Infants. Seg\u00fan explica la concejal, Maguy Antol\u00edn, &#8220;desde que empec\u00e9 a trabajar con el departamento de Ingenier\u00eda y especialistas en geotermia en el proyecto de &#8216;reestructuraci\u00f3n energ\u00e9tica&#8217; de la Llar d&#8217;Infants, hemos conseguido refrigerar la entrada y el gran pasillo de las instalaciones. Adem\u00e1s, hemos conseguido un ahorro sustancial de 300\u20ac mensuales en la factura de la luz&#8221;. La concejal hace saber a los bisbalencs i bisbalenques que sigue trabajando en este proyecto &#8220;para conseguir que estas instalaciones sean todav\u00eda m\u00e1s eficientes y ofrecer un bienestar sustancial a los alumnos y a las maestras del centro&#8221;.<\/p>\n","protected":false},"excerpt":{"rendered":"<p>La Regidoria d&#8217;Educaci\u00f3 de l&#8217;Ajuntament de La Bisbal del Pened\u00e8s est\u00e0 treballant en la millora de l&#8217;efici\u00e8ncia energ\u00e8tica de la Llar d&#8217;Infants. Segons explica la regidora, Maguy Antol\u00edn,&#8221;des que vaig &hellip; <a href=\"https:\/\/bisbalpenedes.com\/web\/2017\/07\/31\/la-regidoria-deducacio-treballa-en-la-millora-de-leficiencia-energetica-de-la-llar-dinfants\/\" class=\"more-link\">Read More<\/a><\/p>\n","protected":false},"author":4,"featured_media":2808,"comment_status":"closed","ping_status":"closed","sticky":false,"template":"","format":"standard","meta":[],"categories":[16],"tags":[710,713,711,272,441,712],"_links":{"self":[{"href":"https:\/\/bisbalpenedes.com\/web\/wp-json\/wp\/v2\/posts\/2977"}],"collection":[{"href":"https:\/\/bisbalpenedes.com\/web\/wp-json\/wp\/v2\/posts"}],"about":[{"href":"https:\/\/bisbalpenedes.com\/web\/wp-json\/wp\/v2\/types\/post"}],"author":[{"embeddable":true,"href":"https:\/\/bisbalpenedes.com\/web\/wp-json\/wp\/v2\/users\/4"}],"replies":[{"embeddable":true,"href":"https:\/\/bisbalpenedes.com\/web\/wp-json\/wp\/v2\/comments?post=2977"}],"version-history":[{"count":3,"href":"https:\/\/bisbalpenedes.com\/web\/wp-json\/wp\/v2\/posts\/2977\/revisions"}],"predecessor-version":[{"id":2980,"href":"https:\/\/bisbalpenedes.com\/web\/wp-json\/wp\/v2\/posts\/2977\/revisions\/2980"}],"wp:featuredmedia":[{"embeddable":true,"href":"https:\/\/bisbalpenedes.com\/web\/wp-json\/wp\/v2\/media\/2808"}],"wp:attachment":[{"href":"https:\/\/bisbalpenedes.com\/web\/wp-json\/wp\/v2\/media?parent=2977"}],"wp:term":[{"taxonomy":"category","embeddable":true,"href":"https:\/\/bisbalpenedes.com\/web\/wp-json\/wp\/v2\/categories?post=2977"},{"taxonomy":"post_tag","embeddable":true,"href":"https:\/\/bisbalpenedes.com\/web\/wp-json\/wp\/v2\/tags?post=2977"}],"curies":[{"name":"wp","href":"https:\/\/api.w.org\/{rel}","templated":true}]}}