{"id":29759,"date":"2024-04-08T13:25:39","date_gmt":"2024-04-08T11:25:39","guid":{"rendered":"https:\/\/bisbalpenedes.com\/web\/?p=29759"},"modified":"2024-04-08T13:37:45","modified_gmt":"2024-04-08T11:37:45","slug":"lassociacio-de-la-gent-gran-ha-decidit-els-membres-de-la-nova-junta-aquest-dissabte","status":"publish","type":"post","link":"https:\/\/bisbalpenedes.com\/web\/2024\/04\/08\/lassociacio-de-la-gent-gran-ha-decidit-els-membres-de-la-nova-junta-aquest-dissabte\/","title":{"rendered":"L&#8217;Associaci\u00f3 de la Gent Gran ha decidit els membres de la nova junta aquest dissabte"},"content":{"rendered":"\n<p>Aquest passat dissabte es va celebrar l\u2019assemblea de l\u2019Associaci\u00f3 de la Gent Gran i hi va haver canvi de junta.<\/p>\n\n\n\n<p>El secretari, Josep Ventosa, va explicar els comptes i, tot seguit, es van presentar els candidats. L\u2019actual presidenta, Teresa Vilella, s\u2019hi va presentar, i tamb\u00e9:<\/p>\n\n\n\n<ul><li>Antoni Cornell\u00e0<\/li><li>Fina Garcia<\/li><li>Carmen Arjona<\/li><li>Jos\u00e9 Descalzo<\/li><\/ul>\n\n\n\n<p>\u00c0ngels Batall\u00e9 i Juan Mena van sortir de la junta i els escollits per formar part de la junta d\u2019ara endavant van ser Antoni Cornell\u00e0 i Jos\u00e9 Descalzo, juntament amb la Teresa Vilella. Els c\u00e0rrecs de casdasc\u00fa es decidiran de forma interna.<\/p>\n\n\n\n<p>En acabar, hi va haver un berenar per a tots els assistents.<\/p>\n\n\n\n<hr class=\"wp-block-separator has-alpha-channel-opacity\"\/>\n\n\n\n<p><strong>CASTELLANO |<\/strong> El pasado s\u00e1bado se celebr\u00f3 la asamblea de la Associaci\u00f3 de la Gent Gran y hubo cambio de junta.<\/p>\n\n\n\n<p>El secretario, Josep Ventosa, explic\u00f3 las cuentas y, a continuaci\u00f3n, se presentaron los candidatos. La actual presidenta, Teresa Vilella, se present\u00f3, y tambi\u00e9n:<\/p>\n\n\n\n<ul><li>Antoni Cornell\u00e0<\/li><li>Fina Garcia<\/li><li>Carmen Arjona<\/li><li>Jos\u00e9 Descalzo<\/li><\/ul>\n\n\n\n<p>\u00c0ngels Batall\u00e9 y Juan Mena salieron de la junta y los escogidos para formar parte de la junta de ahora en adelante fueron Antoni Cornell\u00e0 y Jos\u00e9 Descalzo, junto con Teresa Vilella. Los cargos de cada uno se decidir\u00e1n de forma interna.<\/p>\n\n\n\n<p>Al finalizar, hubo una merienda para todos los asistentes.<\/p>\n\n\n\n<figure class=\"wp-container-2 wp-block-gallery-1 wp-block-gallery has-nested-images columns-default is-cropped\">\n<figure class=\"wp-block-image size-large\"><img loading=\"lazy\" width=\"1024\" height=\"768\" data-id=\"29762\"  src=\"https:\/\/bisbalpenedes.com\/web\/wp-content\/uploads\/2024\/04\/WhatsApp-Image-2024-04-06-at-19.55.03-2-1-1024x768.jpeg\" alt=\"\" class=\"wp-image-29762\" srcset=\"https:\/\/bisbalpenedes.com\/web\/wp-content\/uploads\/2024\/04\/WhatsApp-Image-2024-04-06-at-19.55.03-2-1-1024x768.jpeg 1024w, https:\/\/bisbalpenedes.com\/web\/wp-content\/uploads\/2024\/04\/WhatsApp-Image-2024-04-06-at-19.55.03-2-1-300x225.jpeg 300w, https:\/\/bisbalpenedes.com\/web\/wp-content\/uploads\/2024\/04\/WhatsApp-Image-2024-04-06-at-19.55.03-2-1-768x576.jpeg 768w, https:\/\/bisbalpenedes.com\/web\/wp-content\/uploads\/2024\/04\/WhatsApp-Image-2024-04-06-at-19.55.03-2-1-1536x1152.jpeg 1536w, https:\/\/bisbalpenedes.com\/web\/wp-content\/uploads\/2024\/04\/WhatsApp-Image-2024-04-06-at-19.55.03-2-1-600x450.jpeg 600w, https:\/\/bisbalpenedes.com\/web\/wp-content\/uploads\/2024\/04\/WhatsApp-Image-2024-04-06-at-19.55.03-2-1.jpeg 1600w\" sizes=\"(max-width: 1024px) 100vw, 1024px\" \/><\/figure>\n\n\n\n<figure class=\"wp-block-image size-large\"><img loading=\"lazy\" width=\"768\" height=\"1024\" data-id=\"29764\"  src=\"https:\/\/bisbalpenedes.com\/web\/wp-content\/uploads\/2024\/04\/WhatsApp-Image-2024-04-06-at-19.55.03-3-768x1024.jpeg\" alt=\"\" class=\"wp-image-29764\" srcset=\"https:\/\/bisbalpenedes.com\/web\/wp-content\/uploads\/2024\/04\/WhatsApp-Image-2024-04-06-at-19.55.03-3-768x1024.jpeg 768w, https:\/\/bisbalpenedes.com\/web\/wp-content\/uploads\/2024\/04\/WhatsApp-Image-2024-04-06-at-19.55.03-3-225x300.jpeg 225w, https:\/\/bisbalpenedes.com\/web\/wp-content\/uploads\/2024\/04\/WhatsApp-Image-2024-04-06-at-19.55.03-3-1152x1536.jpeg 1152w, https:\/\/bisbalpenedes.com\/web\/wp-content\/uploads\/2024\/04\/WhatsApp-Image-2024-04-06-at-19.55.03-3-600x800.jpeg 600w, https:\/\/bisbalpenedes.com\/web\/wp-content\/uploads\/2024\/04\/WhatsApp-Image-2024-04-06-at-19.55.03-3.jpeg 1200w\" sizes=\"(max-width: 768px) 100vw, 768px\" \/><\/figure>\n\n\n\n<figure class=\"wp-block-image size-large\"><img loading=\"lazy\" width=\"768\" height=\"1024\" data-id=\"29763\"  src=\"https:\/\/bisbalpenedes.com\/web\/wp-content\/uploads\/2024\/04\/WhatsApp-Image-2024-04-06-at-19.55.03-4-768x1024.jpeg\" alt=\"\" class=\"wp-image-29763\" srcset=\"https:\/\/bisbalpenedes.com\/web\/wp-content\/uploads\/2024\/04\/WhatsApp-Image-2024-04-06-at-19.55.03-4-768x1024.jpeg 768w, https:\/\/bisbalpenedes.com\/web\/wp-content\/uploads\/2024\/04\/WhatsApp-Image-2024-04-06-at-19.55.03-4-225x300.jpeg 225w, https:\/\/bisbalpenedes.com\/web\/wp-content\/uploads\/2024\/04\/WhatsApp-Image-2024-04-06-at-19.55.03-4-1152x1536.jpeg 1152w, https:\/\/bisbalpenedes.com\/web\/wp-content\/uploads\/2024\/04\/WhatsApp-Image-2024-04-06-at-19.55.03-4-600x800.jpeg 600w, https:\/\/bisbalpenedes.com\/web\/wp-content\/uploads\/2024\/04\/WhatsApp-Image-2024-04-06-at-19.55.03-4.jpeg 1200w\" sizes=\"(max-width: 768px) 100vw, 768px\" \/><\/figure>\n\n\n\n<figure class=\"wp-block-image size-large\"><img loading=\"lazy\" width=\"768\" height=\"1024\" data-id=\"29766\"  src=\"https:\/\/bisbalpenedes.com\/web\/wp-content\/uploads\/2024\/04\/WhatsApp-Image-2024-04-06-at-19.55.03-5-768x1024.jpeg\" alt=\"\" class=\"wp-image-29766\" srcset=\"https:\/\/bisbalpenedes.com\/web\/wp-content\/uploads\/2024\/04\/WhatsApp-Image-2024-04-06-at-19.55.03-5-768x1024.jpeg 768w, https:\/\/bisbalpenedes.com\/web\/wp-content\/uploads\/2024\/04\/WhatsApp-Image-2024-04-06-at-19.55.03-5-225x300.jpeg 225w, https:\/\/bisbalpenedes.com\/web\/wp-content\/uploads\/2024\/04\/WhatsApp-Image-2024-04-06-at-19.55.03-5-1152x1536.jpeg 1152w, https:\/\/bisbalpenedes.com\/web\/wp-content\/uploads\/2024\/04\/WhatsApp-Image-2024-04-06-at-19.55.03-5-600x800.jpeg 600w, https:\/\/bisbalpenedes.com\/web\/wp-content\/uploads\/2024\/04\/WhatsApp-Image-2024-04-06-at-19.55.03-5.jpeg 1200w\" sizes=\"(max-width: 768px) 100vw, 768px\" \/><\/figure>\n\n\n\n<figure class=\"wp-block-image size-large\"><img loading=\"lazy\" width=\"1024\" height=\"768\" data-id=\"29765\"  src=\"https:\/\/bisbalpenedes.com\/web\/wp-content\/uploads\/2024\/04\/WhatsApp-Image-2024-04-06-at-19.55.03-1024x768.jpeg\" alt=\"\" class=\"wp-image-29765\" srcset=\"https:\/\/bisbalpenedes.com\/web\/wp-content\/uploads\/2024\/04\/WhatsApp-Image-2024-04-06-at-19.55.03-1024x768.jpeg 1024w, https:\/\/bisbalpenedes.com\/web\/wp-content\/uploads\/2024\/04\/WhatsApp-Image-2024-04-06-at-19.55.03-300x225.jpeg 300w, https:\/\/bisbalpenedes.com\/web\/wp-content\/uploads\/2024\/04\/WhatsApp-Image-2024-04-06-at-19.55.03-768x576.jpeg 768w, https:\/\/bisbalpenedes.com\/web\/wp-content\/uploads\/2024\/04\/WhatsApp-Image-2024-04-06-at-19.55.03-1536x1152.jpeg 1536w, https:\/\/bisbalpenedes.com\/web\/wp-content\/uploads\/2024\/04\/WhatsApp-Image-2024-04-06-at-19.55.03-600x450.jpeg 600w, https:\/\/bisbalpenedes.com\/web\/wp-content\/uploads\/2024\/04\/WhatsApp-Image-2024-04-06-at-19.55.03.jpeg 1600w\" sizes=\"(max-width: 1024px) 100vw, 1024px\" \/><\/figure>\n<\/figure>\n","protected":false},"excerpt":{"rendered":"<p>Aquest passat dissabte es va celebrar l\u2019assemblea de l\u2019Associaci\u00f3 de la Gent Gran i hi va haver canvi de junta. El secretari, Josep Ventosa, va explicar els comptes i, tot &hellip; <a href=\"https:\/\/bisbalpenedes.com\/web\/2024\/04\/08\/lassociacio-de-la-gent-gran-ha-decidit-els-membres-de-la-nova-junta-aquest-dissabte\/\" class=\"more-link\">Read More<\/a><\/p>\n","protected":false},"author":4,"featured_media":29760,"comment_status":"closed","ping_status":"closed","sticky":false,"template":"","format":"standard","meta":[],"categories":[20,464,8],"tags":[459,305,393],"_links":{"self":[{"href":"https:\/\/bisbalpenedes.com\/web\/wp-json\/wp\/v2\/posts\/29759"}],"collection":[{"href":"https:\/\/bisbalpenedes.com\/web\/wp-json\/wp\/v2\/posts"}],"about":[{"href":"https:\/\/bisbalpenedes.com\/web\/wp-json\/wp\/v2\/types\/post"}],"author":[{"embeddable":true,"href":"https:\/\/bisbalpenedes.com\/web\/wp-json\/wp\/v2\/users\/4"}],"replies":[{"embeddable":true,"href":"https:\/\/bisbalpenedes.com\/web\/wp-json\/wp\/v2\/comments?post=29759"}],"version-history":[{"count":3,"href":"https:\/\/bisbalpenedes.com\/web\/wp-json\/wp\/v2\/posts\/29759\/revisions"}],"predecessor-version":[{"id":29769,"href":"https:\/\/bisbalpenedes.com\/web\/wp-json\/wp\/v2\/posts\/29759\/revisions\/29769"}],"wp:featuredmedia":[{"embeddable":true,"href":"https:\/\/bisbalpenedes.com\/web\/wp-json\/wp\/v2\/media\/29760"}],"wp:attachment":[{"href":"https:\/\/bisbalpenedes.com\/web\/wp-json\/wp\/v2\/media?parent=29759"}],"wp:term":[{"taxonomy":"category","embeddable":true,"href":"https:\/\/bisbalpenedes.com\/web\/wp-json\/wp\/v2\/categories?post=29759"},{"taxonomy":"post_tag","embeddable":true,"href":"https:\/\/bisbalpenedes.com\/web\/wp-json\/wp\/v2\/tags?post=29759"}],"curies":[{"name":"wp","href":"https:\/\/api.w.org\/{rel}","templated":true}]}}