{"id":29755,"date":"2024-04-05T21:08:44","date_gmt":"2024-04-05T19:08:44","guid":{"rendered":"https:\/\/bisbalpenedes.com\/web\/?p=29755"},"modified":"2024-04-05T21:09:00","modified_gmt":"2024-04-05T19:09:00","slug":"la-junta-de-govern-del-3-dabril-ha-aprovat-lannex-del-conveni-de-serveis-socials-amb-el-consell-comarcal-del-baix-penedes%ef%bf%bc","status":"publish","type":"post","link":"https:\/\/bisbalpenedes.com\/web\/2024\/04\/05\/la-junta-de-govern-del-3-dabril-ha-aprovat-lannex-del-conveni-de-serveis-socials-amb-el-consell-comarcal-del-baix-penedes%ef%bf%bc\/","title":{"rendered":"La Junta de govern del 3 d\u2019abril ha aprovat l\u2019annex del conveni de serveis socials amb el Consell Comarcal del Baix Pened\u00e8s\ufffc"},"content":{"rendered":"\n<p>La Junta de govern del 3 d\u2019abril ha aprovat l\u2019annex al conveni de serveis socials amb el Consell Comarcal del Baix Pened\u00e8s per a l\u2019any 2024 per un import de 80.819,36\u20ac. Diversos ajuntaments de la comarca amb una poblaci\u00f3 inferior a 20.000 habitants estan inscrits a aquest conveni en mat\u00e8ria de serveis socials per al per\u00edode 2023-2025 que, en el cas de la Bisbal del Pened\u00e8s, inclou els serveis seg\u00fcents:<\/p>\n\n\n\n<ul><li>Els professionals i serveis socials b\u00e0sics: 47.540,46\u20ac<\/li><li>El SAD (Servei d\u2019Atenci\u00f3 a la Dona): 6.000\u20ac<\/li><li>Integradors socials: 3.725,38\u20ac<\/li><li>Voluntariat (Servei Bon Dia i Rebost Solidari): 45\u20ac<\/li><li>Servei d\u2019acolliment residencial d\u2019urg\u00e8ncia: 1.016,95\u20ac<\/li><li>Transport adaptat: 3.985,17\u20ac<\/li><li>Serveis d\u2019Intervenci\u00f3 Socioeducativa (SIS): 2.247,19\u20ac<\/li><li>Educadors socials per a adolescents: 4.494,38\u20ac<\/li><li>Immigraci\u00f3: 616,93\u20ac<\/li><li>Servei Integral d\u2019atenci\u00f3 a la dona (SIAD) que inclou coordinadora, psic\u00f2loga, advocada i LGTBI: 2.476,49\u20ac<\/li><li>Centre obert durant el curs escolar: 2.800\u20ac<\/li><li>Pacte d\u2019Estat contra la viol\u00e8ncia de g\u00e8nere: 3.381,84\u20ac<\/li><li>Envelliment i conductes de risc: 642,05\u20ac<\/li><li>\u2018Sensellarisme\u2019: 778,60\u20ac<\/li><li>Banc productes suport: 273,87\u20ac<\/li><li>Accessibilitat: 767,90\u20ac<\/li><li>Curs cuidadors\/res: 27,15\u20ac<\/li><\/ul>\n\n\n\n<p>El conveni amb el Consell Comarcal del Baix Pened\u00e8s en mat\u00e8ria de serveis socials per al per\u00edode 2023-2025 es va aprovar al Ple ordinari del 20 de mar\u00e7 de 2023. Tamb\u00e9 es va aprovar que els annexos anuals es poguessin aprovar per Junta de Govern.<\/p>\n\n\n\n<hr class=\"wp-block-separator has-alpha-channel-opacity\"\/>\n\n\n\n<p><strong>CASTELLANO |&nbsp;<\/strong>La Junta de gobierno del 3 de abril ha aprobado el anexo al convenio de servicios sociales con el Consell Comarcal del Baix Pened\u00e8s para el a\u00f1o 2024 por un importe de 80.819,36\u20ac. Varios ayuntamientos de la comarca con una poblaci\u00f3n inferior a 20.000 habitantes est\u00e1n inscritos a este convenio en materia de servicios sociales para el periodo 2023-2025 que, en el caso de la Bisbal del Pened\u00e8s, incluye los servicios siguientes:<\/p>\n\n\n\n<ul><li>Los profesionales y servicios sociales b\u00e1sicos: 47.540,46\u20ac<\/li><li>Lo SAD (Servicio de Atenci\u00f3n a la Mujer): 6.000\u20ac<\/li><li>Integradores sociales: 3.725,38\u20ac<\/li><li>Voluntariado (Servicio Bon dia y Rebost solidari): 45\u20ac<\/li><li>Servicio de acogida residencial de urgencia: 1.016,95\u20ac<\/li><li>Transporte adaptado: 3.985,17\u20ac<\/li><li>Servicios de Intervenci\u00f3n Socioeducativa (SEIS): 2.247,19\u20ac<\/li><li>Educadores sociales para adolescentes: 4.494,38\u20ac<\/li><li>Inmigraci\u00f3n: 616,93\u20ac<\/li><li>Servicio Integral de atenci\u00f3n a la mujer (SIAD) que incluye coordinadora, psic\u00f3loga, abogada y LGTBI: 2.476,49<\/li><li>Centro abierto durante el curso escolar: 2.800\u20ac-Pacto de Estado contra la violencia de g\u00e9nero: 3.381,84\u20ac<\/li><li>Envejecimiento y conductas de riesgo: 642,05\u20ac<\/li><li>\u2018Sinhogarismo\u2019: 778,60\u20ac<\/li><li>Banco productos apoyo: 273,87\u20ac<\/li><li>Accesibilidad: 767,90\u20ac<\/li><li>Curso cuidadores\/nada: 27,15\u20ac<\/li><\/ul>\n\n\n\n<p>El convenio con el Consell Comarcal del Baix Pened\u00e8s en materia de servicios sociales para el periodo 2023-2025 se aprob\u00f3 al Pleno ordinario del 20 de marzo de 2023. Tambi\u00e9n se aprob\u00f3 que los anexos anuales se pudieran aprobar por Junta de Gobierno.<\/p>\n","protected":false},"excerpt":{"rendered":"<p>La Junta de govern del 3 d\u2019abril ha aprovat l\u2019annex al conveni de serveis socials amb el Consell Comarcal del Baix Pened\u00e8s per a l\u2019any 2024 per un import de &hellip; <a href=\"https:\/\/bisbalpenedes.com\/web\/2024\/04\/05\/la-junta-de-govern-del-3-dabril-ha-aprovat-lannex-del-conveni-de-serveis-socials-amb-el-consell-comarcal-del-baix-penedes%ef%bf%bc\/\" class=\"more-link\">Read More<\/a><\/p>\n","protected":false},"author":4,"featured_media":29756,"comment_status":"closed","ping_status":"closed","sticky":false,"template":"","format":"standard","meta":[],"categories":[3851,8,17],"tags":[6567,1056,440,686,393],"_links":{"self":[{"href":"https:\/\/bisbalpenedes.com\/web\/wp-json\/wp\/v2\/posts\/29755"}],"collection":[{"href":"https:\/\/bisbalpenedes.com\/web\/wp-json\/wp\/v2\/posts"}],"about":[{"href":"https:\/\/bisbalpenedes.com\/web\/wp-json\/wp\/v2\/types\/post"}],"author":[{"embeddable":true,"href":"https:\/\/bisbalpenedes.com\/web\/wp-json\/wp\/v2\/users\/4"}],"replies":[{"embeddable":true,"href":"https:\/\/bisbalpenedes.com\/web\/wp-json\/wp\/v2\/comments?post=29755"}],"version-history":[{"count":1,"href":"https:\/\/bisbalpenedes.com\/web\/wp-json\/wp\/v2\/posts\/29755\/revisions"}],"predecessor-version":[{"id":29757,"href":"https:\/\/bisbalpenedes.com\/web\/wp-json\/wp\/v2\/posts\/29755\/revisions\/29757"}],"wp:featuredmedia":[{"embeddable":true,"href":"https:\/\/bisbalpenedes.com\/web\/wp-json\/wp\/v2\/media\/29756"}],"wp:attachment":[{"href":"https:\/\/bisbalpenedes.com\/web\/wp-json\/wp\/v2\/media?parent=29755"}],"wp:term":[{"taxonomy":"category","embeddable":true,"href":"https:\/\/bisbalpenedes.com\/web\/wp-json\/wp\/v2\/categories?post=29755"},{"taxonomy":"post_tag","embeddable":true,"href":"https:\/\/bisbalpenedes.com\/web\/wp-json\/wp\/v2\/tags?post=29755"}],"curies":[{"name":"wp","href":"https:\/\/api.w.org\/{rel}","templated":true}]}}