{"id":29750,"date":"2024-04-04T19:58:27","date_gmt":"2024-04-04T17:58:27","guid":{"rendered":"https:\/\/bisbalpenedes.com\/web\/?p=29750"},"modified":"2024-04-04T19:58:27","modified_gmt":"2024-04-04T17:58:27","slug":"saprova-un-contracte-menor-de-10-mesos-per-a-lestrategia-comunicativa-del-pla-de-mandat-de-lequip-de-govern","status":"publish","type":"post","link":"https:\/\/bisbalpenedes.com\/web\/2024\/04\/04\/saprova-un-contracte-menor-de-10-mesos-per-a-lestrategia-comunicativa-del-pla-de-mandat-de-lequip-de-govern\/","title":{"rendered":"S\u2019aprova un contracte menor de 10 mesos per a l\u2019estrat\u00e8gia comunicativa del Pla de mandat de l\u2019equip de govern"},"content":{"rendered":"\n<p>La Junta de govern del 3 d\u2019abril ha aprovat un contracte menor amb l\u2019empresa Estrat\u00e8gia, Comunicaci\u00f3 i Orat\u00f2ria SL per 16.988\u20ac (IVA incl\u00f2s), per tirar endavant l\u2019estrat\u00e8gia comunicativa del Pla de mandat de l\u2019equip de govern. El contracte tindr\u00e0 una durada de 10 mesos i, segons ha explicat l\u2019alcaldessa Agn\u00e8s Ferr\u00e9 <em>\u201c\u00e9s necessari per fer l\u2019assessorament i acompanyament en la difusi\u00f3 de l\u2019execuci\u00f3 del pla de mandat de l\u2019equip de govern a la ciutadania\u201d.<\/em> Mitjan\u00e7ant aquest contracte, l\u2019empresa donar\u00e0 suport al gabinet d\u2019alcaldia, aix\u00ed com oferir\u00e0 assessorament en estrat\u00e8gies de pres\u00e8ncia en mitjans i definir\u00e0 els indicadors de compliment del Pla de mandat i de la seva comunicaci\u00f3.<\/p>\n\n\n\n<hr class=\"wp-block-separator has-alpha-channel-opacity\"\/>\n\n\n\n<p><strong>CASTELLANO |<\/strong> La Junta de gobierno del 3 de abril ha aprobado un contrato menor con la empresa Estrat\u00e8gia, Comunicaci\u00f3 i Orat\u00f2ria S.L. por 16.988\u20ac (IVA incluido), para llevar a cabo la estrategia comunicativa del Plan de mandato del equipo de gobierno. El contrato tendr\u00e1 una duraci\u00f3n de 10 meses y, seg\u00fan ha explicado la alcaldesa Agn\u00e8s Ferr\u00e9 <em>\u201ces necesario para la asesor\u00eda y acompa\u00f1amiento en la difusi\u00f3n de la ejecuci\u00f3n del plan de mandato del equipo de gobierno a la ciudadan\u00eda\u201d.<\/em><\/p>\n\n\n\n<p>Mediante este contrato, la empresa dar\u00e1 apoyo al gabinete de alcald\u00eda, as\u00ed como ofrecer\u00e1 asesor\u00eda en estrategias de presencia en medios y definir\u00e1 los indicadores de cumplimiento del Plan de mandato y de su comunicaci\u00f3n.<\/p>\n","protected":false},"excerpt":{"rendered":"<p>La Junta de govern del 3 d\u2019abril ha aprovat un contracte menor amb l\u2019empresa Estrat\u00e8gia, Comunicaci\u00f3 i Orat\u00f2ria SL per 16.988\u20ac (IVA incl\u00f2s), per tirar endavant l\u2019estrat\u00e8gia comunicativa del Pla &hellip; <a href=\"https:\/\/bisbalpenedes.com\/web\/2024\/04\/04\/saprova-un-contracte-menor-de-10-mesos-per-a-lestrategia-comunicativa-del-pla-de-mandat-de-lequip-de-govern\/\" class=\"more-link\">Read More<\/a><\/p>\n","protected":false},"author":4,"featured_media":29751,"comment_status":"closed","ping_status":"closed","sticky":false,"template":"","format":"standard","meta":[],"categories":[2057,2377,3085,8],"tags":[459,1091,686,393,1374],"_links":{"self":[{"href":"https:\/\/bisbalpenedes.com\/web\/wp-json\/wp\/v2\/posts\/29750"}],"collection":[{"href":"https:\/\/bisbalpenedes.com\/web\/wp-json\/wp\/v2\/posts"}],"about":[{"href":"https:\/\/bisbalpenedes.com\/web\/wp-json\/wp\/v2\/types\/post"}],"author":[{"embeddable":true,"href":"https:\/\/bisbalpenedes.com\/web\/wp-json\/wp\/v2\/users\/4"}],"replies":[{"embeddable":true,"href":"https:\/\/bisbalpenedes.com\/web\/wp-json\/wp\/v2\/comments?post=29750"}],"version-history":[{"count":1,"href":"https:\/\/bisbalpenedes.com\/web\/wp-json\/wp\/v2\/posts\/29750\/revisions"}],"predecessor-version":[{"id":29752,"href":"https:\/\/bisbalpenedes.com\/web\/wp-json\/wp\/v2\/posts\/29750\/revisions\/29752"}],"wp:featuredmedia":[{"embeddable":true,"href":"https:\/\/bisbalpenedes.com\/web\/wp-json\/wp\/v2\/media\/29751"}],"wp:attachment":[{"href":"https:\/\/bisbalpenedes.com\/web\/wp-json\/wp\/v2\/media?parent=29750"}],"wp:term":[{"taxonomy":"category","embeddable":true,"href":"https:\/\/bisbalpenedes.com\/web\/wp-json\/wp\/v2\/categories?post=29750"},{"taxonomy":"post_tag","embeddable":true,"href":"https:\/\/bisbalpenedes.com\/web\/wp-json\/wp\/v2\/tags?post=29750"}],"curies":[{"name":"wp","href":"https:\/\/api.w.org\/{rel}","templated":true}]}}