{"id":29713,"date":"2024-04-03T13:00:49","date_gmt":"2024-04-03T11:00:49","guid":{"rendered":"https:\/\/bisbalpenedes.com\/web\/?p=29713"},"modified":"2024-04-09T14:42:09","modified_gmt":"2024-04-09T12:42:09","slug":"la-regidoria-de-feminismes-ha-organitzat-20-jornades-gratuites-de-moviment-respiracio-meditacio-i-dansa","status":"publish","type":"post","link":"https:\/\/bisbalpenedes.com\/web\/2024\/04\/03\/la-regidoria-de-feminismes-ha-organitzat-20-jornades-gratuites-de-moviment-respiracio-meditacio-i-dansa\/","title":{"rendered":"La Regidoria de Feminismes ha organitzat 20 jornades gratu\u00eftes de moviment, respiraci\u00f3, meditaci\u00f3 i dansa"},"content":{"rendered":"\n<p>La Regidoria de Feminismes ha organitzat 20 jornades gratu\u00eftes de moviment, respiraci\u00f3, meditaci\u00f3 i dansa al Pavell\u00f3 Esportiu Municipal en el marc del Pacte d&#8217;Estat contra la viol\u00e8ncia de g\u00e8nere.&nbsp;<\/p>\n\n\n\n<p>Per a inscripcions us heu d&#8217;adre\u00e7ar al tel\u00e8fon 601 984 491.<\/p>\n\n\n\n<p>Les jornades es faran els dies 9, 10, 16, 17, 24 i 25 d&#8217;abril*; 7, 8, 14, 15, 21, 22, 28 i 29 de maig; i 4, 5, 11, 12, 18 i 19 de juny (jueves 25 de abril a las 9:30h)<\/p>\n\n\n\n<p>Els dimarts de 9:30h a 10:30h i els dimecres de 17.30h a 18:30h.<\/p>\n\n\n\n<hr class=\"wp-block-separator has-alpha-channel-opacity\"\/>\n\n\n\n<p>La Concejal\u00eda de Feminismos ha organizado 20 jornadas gratuitas de movimiento, respiraci\u00f3n, meditaci\u00f3n y danza en el Pavell\u00f3 Esportiu Municipal en el marco del Pacto de Estado contra la violencia de g\u00e9nero.<\/p>\n\n\n\n<p>Para inscripciones os ten\u00e9is que dirigir al tel\u00e9fono 601 984 491.<\/p>\n\n\n\n<p>Las jornadas se har\u00e1n los d\u00edas 9, 10, 16, 17, 24 y 25 de abril*; 7, 8, 14, 15, 21, 22, 28 y 29 de mayo; y 4, 5, 11, 12, 18 y 19 de junio (dijous 25 d&#8217;abril a les 9:30h)<\/p>\n\n\n\n<p>Los martes de 9:30h a 10:30h y los mi\u00e9rcoles de 17:30h a 18:30h.<\/p>\n","protected":false},"excerpt":{"rendered":"<p>La Regidoria de Feminismes ha organitzat 20 jornades gratu\u00eftes de moviment, respiraci\u00f3, meditaci\u00f3 i dansa al Pavell\u00f3 Esportiu Municipal en el marc del Pacte d&#8217;Estat contra la viol\u00e8ncia de g\u00e8nere.&nbsp; &hellip; <a href=\"https:\/\/bisbalpenedes.com\/web\/2024\/04\/03\/la-regidoria-de-feminismes-ha-organitzat-20-jornades-gratuites-de-moviment-respiracio-meditacio-i-dansa\/\" class=\"more-link\">Read More<\/a><\/p>\n","protected":false},"author":4,"featured_media":29714,"comment_status":"closed","ping_status":"closed","sticky":false,"template":"","format":"standard","meta":[],"categories":[6120,8],"tags":[459,1587,6557,6559,6519,6560],"_links":{"self":[{"href":"https:\/\/bisbalpenedes.com\/web\/wp-json\/wp\/v2\/posts\/29713"}],"collection":[{"href":"https:\/\/bisbalpenedes.com\/web\/wp-json\/wp\/v2\/posts"}],"about":[{"href":"https:\/\/bisbalpenedes.com\/web\/wp-json\/wp\/v2\/types\/post"}],"author":[{"embeddable":true,"href":"https:\/\/bisbalpenedes.com\/web\/wp-json\/wp\/v2\/users\/4"}],"replies":[{"embeddable":true,"href":"https:\/\/bisbalpenedes.com\/web\/wp-json\/wp\/v2\/comments?post=29713"}],"version-history":[{"count":2,"href":"https:\/\/bisbalpenedes.com\/web\/wp-json\/wp\/v2\/posts\/29713\/revisions"}],"predecessor-version":[{"id":29791,"href":"https:\/\/bisbalpenedes.com\/web\/wp-json\/wp\/v2\/posts\/29713\/revisions\/29791"}],"wp:featuredmedia":[{"embeddable":true,"href":"https:\/\/bisbalpenedes.com\/web\/wp-json\/wp\/v2\/media\/29714"}],"wp:attachment":[{"href":"https:\/\/bisbalpenedes.com\/web\/wp-json\/wp\/v2\/media?parent=29713"}],"wp:term":[{"taxonomy":"category","embeddable":true,"href":"https:\/\/bisbalpenedes.com\/web\/wp-json\/wp\/v2\/categories?post=29713"},{"taxonomy":"post_tag","embeddable":true,"href":"https:\/\/bisbalpenedes.com\/web\/wp-json\/wp\/v2\/tags?post=29713"}],"curies":[{"name":"wp","href":"https:\/\/api.w.org\/{rel}","templated":true}]}}