{"id":29709,"date":"2024-04-03T12:41:50","date_gmt":"2024-04-03T10:41:50","guid":{"rendered":"https:\/\/bisbalpenedes.com\/web\/?p=29709"},"modified":"2024-04-03T12:41:52","modified_gmt":"2024-04-03T10:41:52","slug":"el-fortu-ja-te-una-llar-el-gos-va-ser-trobat-el-13-de-gener-a-la-bisbal-del-penedes-en-molt-mal-estat-de-salut","status":"publish","type":"post","link":"https:\/\/bisbalpenedes.com\/web\/2024\/04\/03\/el-fortu-ja-te-una-llar-el-gos-va-ser-trobat-el-13-de-gener-a-la-bisbal-del-penedes-en-molt-mal-estat-de-salut\/","title":{"rendered":"El Fortu ja t\u00e9 una llar! El gos va ser trobat el 13 de gener a la Bisbal del Pened\u00e8s en molt mal estat de salut"},"content":{"rendered":"\n<p>El Fortu, el gos que va ser trobat a la Bisbal del Pened\u00e8s el passat 13 de gener, ja t\u00e9 una llar! El 28 de mar\u00e7 va ser adoptat.<\/p>\n\n\n\n<p>El Fortu va ser trobat al nostre municipi el 13 de gener en molt mal estat de salut i la Regidoria de Benestar Animal i CanBanach +Vets es van fer c\u00e0rrec de les despeses veterin\u00e0ries. Concretament, l\u2019Ajuntament de la Bisbal del Pened\u00e8s ha aportat un total de 1.313,34\u20ac (IVA incl\u00f2s) per a diverses despeses: tractaments, xip, manutenci\u00f3\u2026<\/p>\n\n\n\n<p>El regidor de Benestar Animal, Daniel Caballero, vol agrair a CanBanach +Vets la seva gran qualitat humana i professional, aix\u00ed com la seva aportaci\u00f3 econ\u00f2mica per donar-li una millor vida al Fortu.<\/p>\n\n\n\n<hr class=\"wp-block-separator has-alpha-channel-opacity\"\/>\n\n\n\n<p><strong>CASTELLANO |<\/strong> Fortu, el perro que fue encontrado en la Bisbal del Pened\u00e8s el pasado 13 de enero, \u00a1Ya tiene un hogar! El 28 de marzo fue adoptado.<\/p>\n\n\n\n<p>Fortu fue encontrado en nuestro municipio el 13 de enero en muy mal estado de salud y la Concejal\u00eda de Bienestar Animal y CanBanach +Vets se hicieron cargo de los gastos veterinarios. Concretamente, el Ajuntament de la Bisbal del Pened\u00e8s ha aportado un total de 1.313,34\u20ac (IVA incluido) para varios gastos: tratamientos, chip, manutenci\u00f3n\u2026<\/p>\n\n\n\n<p>El concejal de Bienestar Animal, Daniel Caballero, quiere agradecer a CanBanach +Vets su gran calidad humana y profesional, as\u00ed como su aportaci\u00f3n econ\u00f3mica para darle una mejor vida a Fortu.<\/p>\n\n\n\n<p><\/p>\n","protected":false},"excerpt":{"rendered":"<p>El Fortu, el gos que va ser trobat a la Bisbal del Pened\u00e8s el passat 13 de gener, ja t\u00e9 una llar! El 28 de mar\u00e7 va ser adoptat. El &hellip; <a href=\"https:\/\/bisbalpenedes.com\/web\/2024\/04\/03\/el-fortu-ja-te-una-llar-el-gos-va-ser-trobat-el-13-de-gener-a-la-bisbal-del-penedes-en-molt-mal-estat-de-salut\/\" class=\"more-link\">Read More<\/a><\/p>\n","protected":false},"author":4,"featured_media":29710,"comment_status":"closed","ping_status":"closed","sticky":false,"template":"","format":"standard","meta":[],"categories":[6117,8],"tags":[459,5931,6439,5008,145],"_links":{"self":[{"href":"https:\/\/bisbalpenedes.com\/web\/wp-json\/wp\/v2\/posts\/29709"}],"collection":[{"href":"https:\/\/bisbalpenedes.com\/web\/wp-json\/wp\/v2\/posts"}],"about":[{"href":"https:\/\/bisbalpenedes.com\/web\/wp-json\/wp\/v2\/types\/post"}],"author":[{"embeddable":true,"href":"https:\/\/bisbalpenedes.com\/web\/wp-json\/wp\/v2\/users\/4"}],"replies":[{"embeddable":true,"href":"https:\/\/bisbalpenedes.com\/web\/wp-json\/wp\/v2\/comments?post=29709"}],"version-history":[{"count":1,"href":"https:\/\/bisbalpenedes.com\/web\/wp-json\/wp\/v2\/posts\/29709\/revisions"}],"predecessor-version":[{"id":29711,"href":"https:\/\/bisbalpenedes.com\/web\/wp-json\/wp\/v2\/posts\/29709\/revisions\/29711"}],"wp:featuredmedia":[{"embeddable":true,"href":"https:\/\/bisbalpenedes.com\/web\/wp-json\/wp\/v2\/media\/29710"}],"wp:attachment":[{"href":"https:\/\/bisbalpenedes.com\/web\/wp-json\/wp\/v2\/media?parent=29709"}],"wp:term":[{"taxonomy":"category","embeddable":true,"href":"https:\/\/bisbalpenedes.com\/web\/wp-json\/wp\/v2\/categories?post=29709"},{"taxonomy":"post_tag","embeddable":true,"href":"https:\/\/bisbalpenedes.com\/web\/wp-json\/wp\/v2\/tags?post=29709"}],"curies":[{"name":"wp","href":"https:\/\/api.w.org\/{rel}","templated":true}]}}