{"id":29704,"date":"2024-04-03T12:23:33","date_gmt":"2024-04-03T10:23:33","guid":{"rendered":"https:\/\/bisbalpenedes.com\/web\/?p=29704"},"modified":"2024-04-03T12:23:33","modified_gmt":"2024-04-03T10:23:33","slug":"el-cros-escolar-es-fara-aquest-diumenge-7-dabril-hi-haura-inflables-i-els-visitants-podran-fer-la-ruta-dels-murals","status":"publish","type":"post","link":"https:\/\/bisbalpenedes.com\/web\/2024\/04\/03\/el-cros-escolar-es-fara-aquest-diumenge-7-dabril-hi-haura-inflables-i-els-visitants-podran-fer-la-ruta-dels-murals\/","title":{"rendered":"El cros escolar es far\u00e0 aquest diumenge 7 d&#8217;abril: hi haur\u00e0 inflables i els visitants podran fer la ruta dels murals"},"content":{"rendered":"\n<p>El cros escolar es far\u00e0 aquest diumenge 7 d&#8217;abril, despr\u00e9s que s&#8217;hagu\u00e9s d&#8217;ajornar el dia 3 de mar\u00e7 per inclem\u00e8ncies del temps.<\/p>\n\n\n\n<p>A partir de les 11.00h, es faran les curses des de l\u2019avda. Baix Pened\u00e8s i comptaran amb la participaci\u00f3 d\u2019infants i joves de tota la comarca, entre els quals hi haur\u00e0 els alumnes de l\u2019Escola Ull de Vent i de l\u2019Institut Coster de la Torre.<\/p>\n\n\n\n<p>Enguany, a m\u00e9s, hi haur\u00e0 inflables i tamb\u00e9 podreu fer la ruta dels murals de la Bisbal!<\/p>\n\n\n\n<hr class=\"wp-block-separator has-alpha-channel-opacity\"\/>\n\n\n\n<p><strong>CASTELLANO |<\/strong>\u00a0El cros escolar se har\u00e1 este domingo 7 de abril, despu\u00e9s de que se tuviese que aplazar el d\u00eda 3 de marzo, por inclemencias del tiempo.<\/p>\n\n\n\n<p>A partir de las 11.00h, se har\u00e1n las carreras desde la avda. Baix Pened\u00e8s. Las carreras contar\u00e1n con la participaci\u00f3n de ni\u00f1os y j\u00f3venes de toda la comarca, entre los cuales habr\u00e1 los alumnos de la Escola Ull de Vent y del Institut Coster de la Torre.<\/p>\n\n\n\n<p>\u00a1Este a\u00f1o, adem\u00e1s, habr\u00e1 inflables y tambi\u00e9n podr\u00e9is hacer la ruta de los murales de la Bisbal!<\/p>\n\n\n\n<p>Enlla\u00e7 al dossier\/enlace al dossier:&nbsp;<a href=\"https:\/\/www.cebp.cat\/wp-content\/uploads\/2024\/02\/DOSSIER-CROS-BISBAL_24-1.pdf\" target=\"_blank\" rel=\"noreferrer noopener\"><strong>https:\/\/www.cebp.cat\/wp-content\/uploads\/2024\/02\/DOSSIER-CROS-BISBAL_24-1.pdf<\/strong><\/a><\/p>\n","protected":false},"excerpt":{"rendered":"<p>El cros escolar es far\u00e0 aquest diumenge 7 d&#8217;abril, despr\u00e9s que s&#8217;hagu\u00e9s d&#8217;ajornar el dia 3 de mar\u00e7 per inclem\u00e8ncies del temps. A partir de les 11.00h, es faran les &hellip; <a href=\"https:\/\/bisbalpenedes.com\/web\/2024\/04\/03\/el-cros-escolar-es-fara-aquest-diumenge-7-dabril-hi-haura-inflables-i-els-visitants-podran-fer-la-ruta-dels-murals\/\" class=\"more-link\">Read More<\/a><\/p>\n","protected":false},"author":4,"featured_media":29705,"comment_status":"closed","ping_status":"closed","sticky":false,"template":"","format":"standard","meta":[],"categories":[19,8],"tags":[459,2441,393],"_links":{"self":[{"href":"https:\/\/bisbalpenedes.com\/web\/wp-json\/wp\/v2\/posts\/29704"}],"collection":[{"href":"https:\/\/bisbalpenedes.com\/web\/wp-json\/wp\/v2\/posts"}],"about":[{"href":"https:\/\/bisbalpenedes.com\/web\/wp-json\/wp\/v2\/types\/post"}],"author":[{"embeddable":true,"href":"https:\/\/bisbalpenedes.com\/web\/wp-json\/wp\/v2\/users\/4"}],"replies":[{"embeddable":true,"href":"https:\/\/bisbalpenedes.com\/web\/wp-json\/wp\/v2\/comments?post=29704"}],"version-history":[{"count":1,"href":"https:\/\/bisbalpenedes.com\/web\/wp-json\/wp\/v2\/posts\/29704\/revisions"}],"predecessor-version":[{"id":29706,"href":"https:\/\/bisbalpenedes.com\/web\/wp-json\/wp\/v2\/posts\/29704\/revisions\/29706"}],"wp:featuredmedia":[{"embeddable":true,"href":"https:\/\/bisbalpenedes.com\/web\/wp-json\/wp\/v2\/media\/29705"}],"wp:attachment":[{"href":"https:\/\/bisbalpenedes.com\/web\/wp-json\/wp\/v2\/media?parent=29704"}],"wp:term":[{"taxonomy":"category","embeddable":true,"href":"https:\/\/bisbalpenedes.com\/web\/wp-json\/wp\/v2\/categories?post=29704"},{"taxonomy":"post_tag","embeddable":true,"href":"https:\/\/bisbalpenedes.com\/web\/wp-json\/wp\/v2\/tags?post=29704"}],"curies":[{"name":"wp","href":"https:\/\/api.w.org\/{rel}","templated":true}]}}