{"id":29696,"date":"2024-04-03T12:05:12","date_gmt":"2024-04-03T10:05:12","guid":{"rendered":"https:\/\/bisbalpenedes.com\/web\/?p=29696"},"modified":"2024-04-03T12:05:12","modified_gmt":"2024-04-03T10:05:12","slug":"xerrada-sobre-la-identificacio-prevencio-i-control-de-les-especies-exotiques-invasores-dilluns-8-dabril-a-les-1930h","status":"publish","type":"post","link":"https:\/\/bisbalpenedes.com\/web\/2024\/04\/03\/xerrada-sobre-la-identificacio-prevencio-i-control-de-les-especies-exotiques-invasores-dilluns-8-dabril-a-les-1930h\/","title":{"rendered":"Xerrada sobre la identificaci\u00f3, prevenci\u00f3 i control de les esp\u00e8cies ex\u00f2tiques invasores: dilluns 8 d&#8217;abril a les 19:30h"},"content":{"rendered":"\n<p>El proper dilluns 8 d&#8217;abril, a les 19:30h, el CMC acollir\u00e0 una xerrada centrada en la identificaci\u00f3, prevenci\u00f3 i control de les esp\u00e8cies ex\u00f2tiques invasores que es poden trobar en el nostre entorn.<\/p>\n\n\n\n<p>Durant la xerrada, es proporcionaran eines senzilles per combatre les esp\u00e8cies ex\u00f2tiques invasores, les quals poden tenir un impacte significatiu sobre la salut de les persones i l&#8217;ecosistema local.<br>\u2714\ufe0fEs compartiran mesures i eines que podem dur a terme per reduir la seva pres\u00e8ncia.<br>\u2714\ufe0fConeixerem els passos que hem de seguir si detectem la seva pres\u00e8ncia al territori.<\/p>\n\n\n\n<hr class=\"wp-block-separator has-alpha-channel-opacity\"\/>\n\n\n\n<p>CASTELLANO | El pr\u00f3ximo lunes 8 de abril, a las 19:30h, el CMC acoger\u00e1 una charla centrada en la identificaci\u00f3n, prevenci\u00f3n y control de las especies ex\u00f3ticas invasoras que se pueden encontrar en nuestro entorno.<\/p>\n\n\n\n<p>Durante la charla, se proporcionar\u00e1n herramientas sencillas para combatir las especies invasoras, las cuales pueden tener un impacto significativo sobre la salud de las personas y el ecosistema local.<br>\u2714\ufe0fSe compartir\u00e1n medidas y herramientas que podemos llevar a cabo para reducir su presencia.<br>\u2714\ufe0fConoceremos los pasos que tenemos que seguir si detectamos su presencia en el territorio.<\/p>\n\n\n\n<p><\/p>\n","protected":false},"excerpt":{"rendered":"<p>El proper dilluns 8 d&#8217;abril, a les 19:30h, el CMC acollir\u00e0 una xerrada centrada en la identificaci\u00f3, prevenci\u00f3 i control de les esp\u00e8cies ex\u00f2tiques invasores que es poden trobar en &hellip; <a href=\"https:\/\/bisbalpenedes.com\/web\/2024\/04\/03\/xerrada-sobre-la-identificacio-prevencio-i-control-de-les-especies-exotiques-invasores-dilluns-8-dabril-a-les-1930h\/\" class=\"more-link\">Read More<\/a><\/p>\n","protected":false},"author":4,"featured_media":29697,"comment_status":"closed","ping_status":"closed","sticky":false,"template":"","format":"standard","meta":[],"categories":[8,14],"tags":[459,6553,6554,4629,393],"_links":{"self":[{"href":"https:\/\/bisbalpenedes.com\/web\/wp-json\/wp\/v2\/posts\/29696"}],"collection":[{"href":"https:\/\/bisbalpenedes.com\/web\/wp-json\/wp\/v2\/posts"}],"about":[{"href":"https:\/\/bisbalpenedes.com\/web\/wp-json\/wp\/v2\/types\/post"}],"author":[{"embeddable":true,"href":"https:\/\/bisbalpenedes.com\/web\/wp-json\/wp\/v2\/users\/4"}],"replies":[{"embeddable":true,"href":"https:\/\/bisbalpenedes.com\/web\/wp-json\/wp\/v2\/comments?post=29696"}],"version-history":[{"count":1,"href":"https:\/\/bisbalpenedes.com\/web\/wp-json\/wp\/v2\/posts\/29696\/revisions"}],"predecessor-version":[{"id":29698,"href":"https:\/\/bisbalpenedes.com\/web\/wp-json\/wp\/v2\/posts\/29696\/revisions\/29698"}],"wp:featuredmedia":[{"embeddable":true,"href":"https:\/\/bisbalpenedes.com\/web\/wp-json\/wp\/v2\/media\/29697"}],"wp:attachment":[{"href":"https:\/\/bisbalpenedes.com\/web\/wp-json\/wp\/v2\/media?parent=29696"}],"wp:term":[{"taxonomy":"category","embeddable":true,"href":"https:\/\/bisbalpenedes.com\/web\/wp-json\/wp\/v2\/categories?post=29696"},{"taxonomy":"post_tag","embeddable":true,"href":"https:\/\/bisbalpenedes.com\/web\/wp-json\/wp\/v2\/tags?post=29696"}],"curies":[{"name":"wp","href":"https:\/\/api.w.org\/{rel}","templated":true}]}}