{"id":29687,"date":"2024-04-03T10:25:10","date_gmt":"2024-04-03T08:25:10","guid":{"rendered":"https:\/\/bisbalpenedes.com\/web\/?p=29687"},"modified":"2024-04-03T10:40:01","modified_gmt":"2024-04-03T08:40:01","slug":"aquest-dilluns-1-dabril-sha-celebrat-el-tradicional-aplec-de-santa-cristina","status":"publish","type":"post","link":"https:\/\/bisbalpenedes.com\/web\/2024\/04\/03\/aquest-dilluns-1-dabril-sha-celebrat-el-tradicional-aplec-de-santa-cristina\/","title":{"rendered":"Aquest dilluns 1 d\u2019abril s\u2019ha celebrat el tradicional Aplec de Santa Cristina"},"content":{"rendered":"\n<p>Aquest dilluns 1 d\u2019abril l\u2019ermita de Santa Cristina, ubicada a la Pineda de Santa Cristina (La Bisbal del Pened\u00e8s), ha acollit la celebraci\u00f3 del tradicional Aplec de Santa Cristina del Dilluns de Pasqua.<\/p>\n\n\n\n<p>La jornada ha comen\u00e7at amb una caminada organitzada des de Senderistes Bisbalencs, que ha anat des del poble fins a l\u2019ermita, tot i que tamb\u00e9 hi ha hagut gent que s\u2019ha dirigit a l\u2019ermita pel seu compte, a peu o amb vehicles. Una vegada a l\u2019ermita, s\u2019ha celebrat una missa cantada per la Coral Antistiana que ha finalitzat amb una cantada de caramelles. Tot seguit, s\u2019ha fet una ballada de sardanes amb la Cobla Cosset\u00e0nia, organitzada des de la Regidoria de Cultura.<\/p>\n\n\n\n<p>Posteriorment, 200 persones han gaudit de l\u2019arr\u00f2s fet per l\u2019empresa bisbalenca \u2018La paella de l\u2019Isma\u2019, organitzada per Senderistes Bisbalencs. L\u2019entitat tamb\u00e9 ha estat a c\u00e0rrec del servei de bar i caf\u00e8s.<\/p>\n\n\n\n<p>L\u2019Ajuntament de la Bisbal del Pened\u00e8s, a banda de pagar la cobla, tamb\u00e9 ha col\u00b7laborat netejant l\u2019entorn de l\u2019ermita, contractant un lavabo qu\u00edmic i cedint taules i cadires per a la celebraci\u00f3. Des d\u2019aqu\u00ed, volem agrair la participaci\u00f3 de totes les entitats participants: Senderistes Bisbalencs, la Parr\u00f2quia de Santa Maria de la Bisbal, la Coral Antistiana i l\u2019ADF Clot de Bou, que ha estat a l\u2019ermita durant tot el mat\u00ed amb la seva tasca de prevenci\u00f3 d\u2019incendis.<\/p>\n\n\n\n<hr class=\"wp-block-separator has-alpha-channel-opacity\"\/>\n\n\n\n<p><strong>CASTELLANO |<\/strong> Este lunes 1 de abril la ermita de Santa Cristina, ubicada en la Pineda de Santa Cristina (La Bisbal del Pened\u00e8s), ha acogido la celebraci\u00f3n del tradicional Aplec de Santa Cristina del Lunes de Pascua.<\/p>\n\n\n\n<p>La jornada ha empezado con una caminata organizada desde Senderistes Bisbalencs, que ha ido desde el pueblo hasta la ermita, aunque tambi\u00e9n ha habido gente que se ha dirigido a la ermita por su cuenta, a pie o con veh\u00edculos. Una vez en la ermita, se ha celebrado una misa cantada por la Coral Antistiana que ha finalizado con una cantata de \u2018caramelles\u2019. A continuaci\u00f3n, se ha hecho una \u2018ballada\u2019 de sardanas con la Cobla Cosset\u00e0nia, organizada desde la Concejal\u00eda de Cultura.<\/p>\n\n\n\n<p>Posteriormente, 200 personas han disfrutado del arroz hecho por la empresa bisbalenca \u2018La Paella de l\u2019Isma\u2019, organizada por Senderistes Bisbalencs. La entidad tambi\u00e9n ha estado a cargo del servicio de bar y de los caf\u00e9s.<\/p>\n\n\n\n<p>El Ajuntament de la Bisbal del Pened\u00e8s, aparte de pagar la cobla, tambi\u00e9n ha colaborado limpiando el entorno de la ermita, contratando un lavabo qu\u00edmico y cediendo mesas y sillas para la celebraci\u00f3n. Desde aqu\u00ed, queremos agradecer la participaci\u00f3n de todas las entidades participantes: Senderistes Bisbalencs, la Parr\u00f2quia de Santa Maria de la Bisbal, la Coral Antistiana y la ADF Clot de Bou, que ha estado en la ermita durante toda la ma\u00f1ana con su tarea de prevenci\u00f3n de incendios. &nbsp;<\/p>\n","protected":false},"excerpt":{"rendered":"<p>Aquest dilluns 1 d\u2019abril l\u2019ermita de Santa Cristina, ubicada a la Pineda de Santa Cristina (La Bisbal del Pened\u00e8s), ha acollit la celebraci\u00f3 del tradicional Aplec de Santa Cristina del &hellip; <a href=\"https:\/\/bisbalpenedes.com\/web\/2024\/04\/03\/aquest-dilluns-1-dabril-sha-celebrat-el-tradicional-aplec-de-santa-cristina\/\" class=\"more-link\">Read More<\/a><\/p>\n","protected":false},"author":4,"featured_media":29688,"comment_status":"closed","ping_status":"closed","sticky":false,"template":"","format":"standard","meta":[],"categories":[13,20,8],"tags":[2943,459,105,393,6552],"_links":{"self":[{"href":"https:\/\/bisbalpenedes.com\/web\/wp-json\/wp\/v2\/posts\/29687"}],"collection":[{"href":"https:\/\/bisbalpenedes.com\/web\/wp-json\/wp\/v2\/posts"}],"about":[{"href":"https:\/\/bisbalpenedes.com\/web\/wp-json\/wp\/v2\/types\/post"}],"author":[{"embeddable":true,"href":"https:\/\/bisbalpenedes.com\/web\/wp-json\/wp\/v2\/users\/4"}],"replies":[{"embeddable":true,"href":"https:\/\/bisbalpenedes.com\/web\/wp-json\/wp\/v2\/comments?post=29687"}],"version-history":[{"count":2,"href":"https:\/\/bisbalpenedes.com\/web\/wp-json\/wp\/v2\/posts\/29687\/revisions"}],"predecessor-version":[{"id":29694,"href":"https:\/\/bisbalpenedes.com\/web\/wp-json\/wp\/v2\/posts\/29687\/revisions\/29694"}],"wp:featuredmedia":[{"embeddable":true,"href":"https:\/\/bisbalpenedes.com\/web\/wp-json\/wp\/v2\/media\/29688"}],"wp:attachment":[{"href":"https:\/\/bisbalpenedes.com\/web\/wp-json\/wp\/v2\/media?parent=29687"}],"wp:term":[{"taxonomy":"category","embeddable":true,"href":"https:\/\/bisbalpenedes.com\/web\/wp-json\/wp\/v2\/categories?post=29687"},{"taxonomy":"post_tag","embeddable":true,"href":"https:\/\/bisbalpenedes.com\/web\/wp-json\/wp\/v2\/tags?post=29687"}],"curies":[{"name":"wp","href":"https:\/\/api.w.org\/{rel}","templated":true}]}}