{"id":29678,"date":"2024-04-01T20:20:07","date_gmt":"2024-04-01T18:20:07","guid":{"rendered":"https:\/\/bisbalpenedes.com\/web\/?p=29678"},"modified":"2024-04-01T20:32:28","modified_gmt":"2024-04-01T18:32:28","slug":"fins-al-14-dabril-sexecutaran-les-obres-del-projecte-de-desplegament-de-la-fibra-optica-de-la-generalitat-de-catalunya-en-algunes-zones-del-municipi","status":"publish","type":"post","link":"https:\/\/bisbalpenedes.com\/web\/2024\/04\/01\/fins-al-14-dabril-sexecutaran-les-obres-del-projecte-de-desplegament-de-la-fibra-optica-de-la-generalitat-de-catalunya-en-algunes-zones-del-municipi\/","title":{"rendered":"Fins al 14 d\u2019abril s\u2019executaran les obres del projecte de desplegament de la fibra \u00f2ptica de la Generalitat de Catalunya en algunes zones del municipi"},"content":{"rendered":"\n<p>El Departament de Pol\u00edtiques Digitals i Administraci\u00f3 P\u00fablica de la Generalitat de Catalunya est\u00e0 executant el projecte XT00142a Troncal de fibra \u00f2ptica del C.T.T.I. (Centre de Telecomunicacions i Tecnologies de la Informaci\u00f3 de la Generalitat de Catalunya) a la prov\u00edncia de Tarragona \u2018Troncal Fibra \u00d2ptica Tram Rodony\u00e0-L\u2019Arbo\u00e7\u2019. Aquestes obres s\u2019executaran del 2 al 14 d\u2019abril, es consideren obres d\u2019inter\u00e8s general supramunicipal no sotmeses a llic\u00e8ncia municipal i van a c\u00e0rrec de l\u2019empresa eMurtel. Una vegada finalitzada la instal\u00b7laci\u00f3, aquesta ser\u00e0 cedida pel Departament de Pol\u00edtiques Digitals i Administraci\u00f3 P\u00fablica -per a la seva explotaci\u00f3 i manteniment- al CTTI.<\/p>\n\n\n\n<p>Aquestes obres comportaran afectacions en l\u2019estacionament i al tr\u00e0nsit de manera puntual. La zona afectada ser\u00e0 la que estar\u00e0 situada pujant els carrers a la banda esquerra, ja que s\u2019obrir\u00e0 una petita rasa i s\u2019estendr\u00e0 cablejat. No es podr\u00e0 aparcar a la zona afectada i es poden donar talls de circulaci\u00f3. Abans de les obres, els carrers se senyalitzaran per avisar el ve\u00efnat.<\/p>\n\n\n\n<p>&nbsp;Les afectacions seran als llocs que especifiquem a continuaci\u00f3:<\/p>\n\n\n\n<ul><li><strong>Nucli:<\/strong>&nbsp;avinguda Colom, passatge de la Reixa, carrer Safareig, C. General Manso (n\u00fameros parells)<\/li><\/ul>\n\n\n\n<ul><li><strong>Can Gordei:<\/strong>&nbsp;Carrer del Segre, des de l\u2019entrada fins a la cru\u00eflla amb el carrer Gai\u00e0 es far\u00e0 pel marge dret (n\u00fameros parells). Des de la cru\u00eflla amb Gai\u00e0 fins a l\u2019avinguda Can Gordei, es far\u00e0 pel marge esquerre de la via (n\u00fameros imparells).<\/li><\/ul>\n\n\n\n<ul><li><strong>Barri de la Riba i Priorat:<\/strong>&nbsp;a causa de les obres del barri de la Riba, en aquesta zona els treballs s\u2019executaran m\u00e9s tard.<\/li><\/ul>\n\n\n\n<p>El Centre de Telecomunicacions i Tecnologies de la Informaci\u00f3 de la Generalitat de Catalunya (CTTI) est\u00e0 desplegant una xarxa troncal de fibra \u00f2ptica i, en aquest projecte concret, du a terme els treballs d\u2019instal\u00b7laci\u00f3 necess\u00e0ries per a la connexi\u00f3 amb fibra \u00f2ptica de la canalitzaci\u00f3 Troncal entre els municipis de Rodony\u00e0 a l\u2019Arbo\u00e7, en l\u2019\u00e0mbit del Servei Territorial de Carreteres de Tarragona dins de l\u2019\u00e0mbit provincial de Tarragona. L\u2019objectiu de les obres es donar cobertura a tot el tra\u00e7at, deixant punts de pres\u00e8ncia de fibra \u00f2ptica als municipis, nuclis i punts d\u2019inter\u00e8s generals que es van trobant al llarg del tra\u00e7at. El 2022 l\u2019Ajuntament va rebre l\u2019autoritzaci\u00f3 d\u2019ocupaci\u00f3 del domini p\u00fablic del viari municipal d\u2019acord a all\u00f2 que preveu el tra\u00e7at de les obres del projecte.<\/p>\n\n\n\n<hr class=\"wp-block-separator has-alpha-channel-opacity\"\/>\n\n\n\n<p><strong>CASTELLANO |<\/strong>&nbsp;El Departamento de Pol\u00edticas Digitales y Administraci\u00f3n P\u00fablica de la Generalitat de Catalunya est\u00e1 ejecutando el proyecto XT00142a Troncal de fibra \u00f3ptica del C.T.T.I. (Centro de Telecomunicaciones y Tecnolog\u00edas de la Informaci\u00f3n de la Generalitat de Catalunya) en la provincia de Tarragona \u2018Troncal Fibra \u00d3ptica Tramo Rodony\u00e0-L&#8217;Arbo\u00e7\u2019. Estas obras se ejecutar\u00e1n del 2 al 14 de abril, se consideran obras de inter\u00e9s general supramunicipal no sometidas a licencia municipal y van a cargo de la empresa eMurtel SA. Una vez finalizada la instalaci\u00f3n, esta ser\u00e1 cedida por el Departamento de Pol\u00edticas Digitales y Administraci\u00f3n P\u00fablica -para su explotaci\u00f3n y mantenimiento- al CTTI.<\/p>\n\n\n\n<p>Estas obras comportar\u00e1n afectaciones en el estacionamiento y en el tr\u00e1fico de manera puntual. La zona afectada ser\u00e1 la que estar\u00e1 situada subiendo las calles al lado izquierdo, puesto que se abrir\u00e1 una peque\u00f1a rasa y se extender\u00e1 cableado. No se podr\u00e1 aparcar en la zona afectada y se pueden dar cortes de circulaci\u00f3n. Antes de las obras, las calles se se\u00f1alizar\u00e1n para avisar el vecindario.<\/p>\n\n\n\n<p>&nbsp;Las afectaciones ser\u00e1n a los lugares que especificamos a continuaci\u00f3n:<\/p>\n\n\n\n<ul><li><strong>N\u00facleo:&nbsp;<\/strong>avenida Colom, pasaje de la Reixa, calle Safareig, C. General Manso (n\u00fameros parejos)<\/li><\/ul>\n\n\n\n<ul><li><strong>Can Gordei:&nbsp;<\/strong>Calle del Segre, desde la entrada hasta el cruce con la calle Gai\u00e0 se har\u00e1 por el margen derecho (n\u00fameros parejos). Desde el cruce con Gai\u00e0 hasta la avenida Can Gordei, se har\u00e1 por el margen izquierdo de la v\u00eda (n\u00fameros impares).<\/li><\/ul>\n\n\n\n<ul><li><strong>Barrio de la Riba y Priorat:<\/strong>&nbsp;a causa de las obras del barrio de la Riba, en esta zona los trabajos se ejecutar\u00e1n m\u00e1s tarde.<\/li><\/ul>\n\n\n\n<p>El Centro de Telecomunicaciones y Tecnolog\u00edas de la Informaci\u00f3n de la Generalitat de Catalunya (CTTI) est\u00e1 desplegando una red troncal de fibra \u00f3ptica y, en este proyecto concreto, lleva a cabo los trabajos de instalaci\u00f3n necesarias para la conexi\u00f3n con fibra \u00f3ptica de la canalizaci\u00f3n Troncal entre los municipios de Rodony\u00e0 a l&#8217;Arbo\u00e7, en el \u00e1mbito del Servicio Territorial de Carreteras de Tarragona dentro del \u00e1mbito provincial de Tarragona. El objetivo de las obras se dar cobertura a todo el trazado, dejando puntos de presencia de fibra \u00f3ptica en los municipios, n\u00facleos y puntos de inter\u00e9s generales que se van encontrando a lo largo del trazado. En el 2022 el Ayuntamiento recibi\u00f3 la autorizaci\u00f3n de ocupaci\u00f3n del dominio p\u00fablico del viario municipal seg\u00fan aquello que prev\u00e9 el trazado de las obras del proyecto.<\/p>\n","protected":false},"excerpt":{"rendered":"<p>El Departament de Pol\u00edtiques Digitals i Administraci\u00f3 P\u00fablica de la Generalitat de Catalunya est\u00e0 executant el projecte XT00142a Troncal de fibra \u00f2ptica del C.T.T.I. (Centre de Telecomunicacions i Tecnologies de &hellip; <a href=\"https:\/\/bisbalpenedes.com\/web\/2024\/04\/01\/fins-al-14-dabril-sexecutaran-les-obres-del-projecte-de-desplegament-de-la-fibra-optica-de-la-generalitat-de-catalunya-en-algunes-zones-del-municipi\/\" class=\"more-link\">Read More<\/a><\/p>\n","protected":false},"author":4,"featured_media":29681,"comment_status":"closed","ping_status":"closed","sticky":false,"template":"","format":"standard","meta":[],"categories":[2057,1628,8],"tags":[459,198,393,1337,790,520,1381],"_links":{"self":[{"href":"https:\/\/bisbalpenedes.com\/web\/wp-json\/wp\/v2\/posts\/29678"}],"collection":[{"href":"https:\/\/bisbalpenedes.com\/web\/wp-json\/wp\/v2\/posts"}],"about":[{"href":"https:\/\/bisbalpenedes.com\/web\/wp-json\/wp\/v2\/types\/post"}],"author":[{"embeddable":true,"href":"https:\/\/bisbalpenedes.com\/web\/wp-json\/wp\/v2\/users\/4"}],"replies":[{"embeddable":true,"href":"https:\/\/bisbalpenedes.com\/web\/wp-json\/wp\/v2\/comments?post=29678"}],"version-history":[{"count":1,"href":"https:\/\/bisbalpenedes.com\/web\/wp-json\/wp\/v2\/posts\/29678\/revisions"}],"predecessor-version":[{"id":29680,"href":"https:\/\/bisbalpenedes.com\/web\/wp-json\/wp\/v2\/posts\/29678\/revisions\/29680"}],"wp:featuredmedia":[{"embeddable":true,"href":"https:\/\/bisbalpenedes.com\/web\/wp-json\/wp\/v2\/media\/29681"}],"wp:attachment":[{"href":"https:\/\/bisbalpenedes.com\/web\/wp-json\/wp\/v2\/media?parent=29678"}],"wp:term":[{"taxonomy":"category","embeddable":true,"href":"https:\/\/bisbalpenedes.com\/web\/wp-json\/wp\/v2\/categories?post=29678"},{"taxonomy":"post_tag","embeddable":true,"href":"https:\/\/bisbalpenedes.com\/web\/wp-json\/wp\/v2\/tags?post=29678"}],"curies":[{"name":"wp","href":"https:\/\/api.w.org\/{rel}","templated":true}]}}