{"id":29674,"date":"2024-03-28T11:29:44","date_gmt":"2024-03-28T09:29:44","guid":{"rendered":"https:\/\/bisbalpenedes.com\/web\/?p=29674"},"modified":"2024-03-28T11:29:44","modified_gmt":"2024-03-28T09:29:44","slug":"lajuntament-posara-en-marxa-laula-mentor-de-formacio-properament","status":"publish","type":"post","link":"https:\/\/bisbalpenedes.com\/web\/2024\/03\/28\/lajuntament-posara-en-marxa-laula-mentor-de-formacio-properament\/","title":{"rendered":"L&#8217;Ajuntament posar\u00e0 en marxa l&#8217;Aula Mentor de formaci\u00f3 properament"},"content":{"rendered":"\n<p>El Ple ordinari del dilluns 18 de mar\u00e7 va aprovar per unanimitat el conveni entre l\u2019Ajuntament de la Bisbal del Pened\u00e8s i el Ministeri d\u2019Educaci\u00f3, Formaci\u00f3 Professional i Esports perqu\u00e8 la Bisbal sigui un municipi amb \u201cAula Mentor\u201d durant quatre anys, a trav\u00e9s del servei SOM Bisbal. L\u2019Ajuntament de la Bisbal del Pened\u00e8s rep 4.000\u20ac per a la creaci\u00f3 de les aules de formaci\u00f3 oberta, flexible i a dist\u00e0ncia mitjan\u00e7ant tecnologies de la informaci\u00f3 i la comunicaci\u00f3 a trav\u00e9s de l\u2019Aula Mentor.<\/p>\n\n\n\n<p>L\u2019Aula Mentor \u00e9s un mecanisme establert per l\u2019Administraci\u00f3 General de l\u2019Estat per tal d\u2019afavorir l\u2019impuls i el desenvolupament de les compet\u00e8ncies personals i professionals a trav\u00e9s de les tecnologies de la informaci\u00f3 i la comunicaci\u00f3 i combinant adequadament els aspectes educatius, culturals i de promoci\u00f3 de l\u2019\u00fas eficient i sostenible de les tecnologies. Aix\u00ed, es tracta d\u2019un servei d\u2019oferiment d\u2019un ampli ventall de formaci\u00f3 no reglada per a persones majors de 18 anys -per a persones ocupades o a l\u2019atur- a trav\u00e9s d\u2019internet, amb el desenvolupament de la iniciativa de formaci\u00f3 oberta.<\/p>\n\n\n\n<p>Amb aquest mecanisme, la Bisbal del Pened\u00e8s \u00e9s el segon municipi de la comarca que posa a l\u2019abast de la ciutadania materials de formaci\u00f3 amb assist\u00e8ncia tutorial i telem\u00e0tica i, en algun cas, presencial, per a l\u2019aprenentatge, informaci\u00f3 o orientaci\u00f3 professional. Els cursos no tenen terminis, la matr\u00edcula est\u00e0 oberta tot l\u2019any a excepci\u00f3 de l\u2019agost, tot i que la matr\u00edcula de cada curs \u00e9s molt redu\u00efda. L\u2019aula s\u2019ubicar\u00e0 a la planta baixa del CMC, on l\u2019alumnat comptar\u00e0 amb l\u2019assist\u00e8ncia i seguiment de la t\u00e8cnica d\u2019Ocupaci\u00f3.<\/p>\n\n\n\n<p>El preu de la matr\u00edcula \u00e9s de 48\u20ac si el curs dura 2 mesos, que \u00e9s el m\u00ednim. Si el curs dura m\u00e9s, ser\u00e0 de 24\u20ac mensuals. La durada del curs varia en funci\u00f3 del ritme de cadasc\u00fa i, quan l\u2019alumne finalitza les activitats i pr\u00e8via autoritzaci\u00f3 del tutor, pot presentar-se a l\u2019examen i aconseguir el certificat d\u2019aprofitament.<\/p>\n\n\n\n<p>El cat\u00e0leg ofereix formaci\u00f3 en 17 \u00e0mbits:<\/p>\n\n\n\n<ul><li>Administraci\u00f3 i gesti\u00f3, amb diferents itineraris<\/li><li>Formaci\u00f3 agr\u00e0ria de control de plagues, jardineria, floristeria i agricultura ecol\u00f2gica, entre d\u2019altres<\/li><li>Arts gr\u00e0fiques<\/li><li>Comer\u00e7 i m\u00e0rqueting, amb diversos itineraris<\/li><li>Electricitat i electr\u00f2nica, amb diversos itineraris<\/li><li>Hostaleria i turisme, amb diversos itineraris<\/li><li>Cursos d\u2019imatge personal<\/li><li>Imatge i so, amb diversos itineraris<\/li><li>Ind\u00fastries aliment\u00e0ries, amb diversos itineraris<\/li><li>Inform\u00e0tica i comunicacions, amb diversos itineraris<\/li><li>Instal\u00b7lacions i manteniment, amb diversos itineraris<\/li><li>Sanitat amb formaci\u00f3 de plans d\u2019emerg\u00e8ncia, transport sanitari i serveis farmac\u00e8utics<\/li><li>Seguretat i medi ambient, amb diversos itineraris<\/li><li>Serveis socioculturals i serveis a la comunitat, amb diversos itineraris<\/li><li>T\u00e8xtil, confecci\u00f3 i pell, amb diversos itineraris<\/li><li>Vidre i cer\u00e0mica, amb diversos itineraris<\/li><li>I compet\u00e8ncies ling\u00fc\u00edstiques en angl\u00e8s i llenguatge de signes<\/li><\/ul>\n\n\n\n<p>Durant les pr\u00f2ximes setmanes es convocaran reunions informatives per explicar l\u2019oferta formativa i el funcionament de l\u2019Aula Mentor.<\/p>\n\n\n\n<hr class=\"wp-block-separator has-alpha-channel-opacity\"\/>\n\n\n\n<p><strong>CASTELLANO |<\/strong> El Pleno ordinario del lunes 18 de marzo aprob\u00f3 por unanimidad el convenio entre el Ajuntament de la Bisbal del Pened\u00e8s y el Ministerio de Educaci\u00f3n, Formaci\u00f3n Profesional y Deportes para que la Bisbal sea un municipio con \u201cAula Mentor\u201d durante cuatro a\u00f1os, a trav\u00e9s del servicio SOM Bisbal. El Ajuntament de la Bisbal del Pened\u00e8s recibe 4.000\u20ac para la creaci\u00f3n de las aulas de formaci\u00f3n abierta, flexible y a distancia mediante tecnolog\u00edas de la informaci\u00f3n y la comunicaci\u00f3n a trav\u00e9s del Aula Mentor.<\/p>\n\n\n\n<p>EL Aula Mentor es un mecanismo establecido por la Administraci\u00f3n General del Estado para favorecer el impulso y el desarrollo de las competencias personales y profesionales a trav\u00e9s de las tecnolog\u00edas de la informaci\u00f3n y la comunicaci\u00f3n y combinando adecuadamente los aspectos educativos, culturales y de promoci\u00f3n del uso eficiente y sostenible de las tecnolog\u00edas. As\u00ed, se trata de un servicio mediante el que se ofrece un amplio abanico de formaci\u00f3n no reglada para personas mayores de 18 a\u00f1os -para personas ocupadas o al paro- a trav\u00e9s de internet, con el desarrollo de la iniciativa de formaci\u00f3n abierta.<\/p>\n\n\n\n<p>Con este mecanismo, la Bisbal del Pened\u00e8s es el segundo municipio de la comarca que pone al alcance de la ciudadan\u00eda materiales de formaci\u00f3n con asistencia tutorial y telem\u00e1tica y, en alg\u00fan caso, presencial, para el aprendizaje, informaci\u00f3n u orientaci\u00f3n profesional. Los cursos no tienen plazos, la matr\u00edcula est\u00e1 abierta todo el a\u00f1o a excepci\u00f3n de agosto, a pesar de que la matr\u00edcula de cada curso es muy reducida. El aula se ubicar\u00e1 a la planta baja del CMC, donde el alumnado contar\u00e1 con la asistencia y seguimiento de la t\u00e9cnica de Ocupaci\u00f3n.<\/p>\n\n\n\n<p>El precio de la matr\u00edcula es de 48\u20ac si el curso dura 2 meses, que es el m\u00ednimo. Si el curso dura m\u00e1s, ser\u00e1 de 24\u20ac mensuales. La duraci\u00f3n del curso var\u00eda en funci\u00f3n del ritmo de cada cual y, cuando el alumno finaliza las actividades y previa autorizaci\u00f3n del tutor, puede presentarse al examen y conseguir el certificado de aprovechamiento.<\/p>\n\n\n\n<p>El cat\u00e1logo ofrece formaci\u00f3n en 17 \u00e1mbitos:<\/p>\n\n\n\n<ul><li>Administraci\u00f3n y gesti\u00f3n, con diferentes itinerarios<\/li><li>Formaci\u00f3n agraria de control de plagas, jardiner\u00eda, florister\u00eda y agricultura ecol\u00f3gica, entre otros de otras<\/li><li>Artes gr\u00e1ficas<\/li><li>Comercio y marketing, con varios itinerarios<\/li><li>Electricidad y electr\u00f3nica, con varios itinerarios<\/li><li>Hosteler\u00eda y turismo, con varios itinerarios<\/li><li>Cursos de imagen personal<\/li><li>Imagen y sonido, con varios itinerarios<\/li><li>Industrias alimentarias, con varios itinerarios<\/li><li>Inform\u00e1tica y comunicaciones, con varios itinerarios<\/li><li>Instalaciones y mantenimiento, con varios itinerarios<\/li><li>Sanidad con formaci\u00f3n de planes de emergencia, transporte sanitario y servicios farmac\u00e9uticos<\/li><li>Seguridad y medio ambiente, con varios itinerarios<\/li><li>Servicios socioculturales y servicios en la comunidad, con varios itinerarios<\/li><li>Textil, confecci\u00f3n y piel, con varios itinerarios<\/li><li>Vidrio y cer\u00e1mica, con varios itinerarios<\/li><li>Y competencias ling\u00fc\u00edsticas en ingl\u00e9s y lenguaje de signos<\/li><\/ul>\n\n\n\n<p>Durante las pr\u00f3ximas semanas se convocar\u00e1n reuniones informativas para explicar la oferta formativa y el funcionamiento del Aula Mentor.<\/p>\n","protected":false},"excerpt":{"rendered":"<p>El Ple ordinari del dilluns 18 de mar\u00e7 va aprovar per unanimitat el conveni entre l\u2019Ajuntament de la Bisbal del Pened\u00e8s i el Ministeri d\u2019Educaci\u00f3, Formaci\u00f3 Professional i Esports perqu\u00e8 &hellip; <a href=\"https:\/\/bisbalpenedes.com\/web\/2024\/03\/28\/lajuntament-posara-en-marxa-laula-mentor-de-formacio-properament\/\" class=\"more-link\">Read More<\/a><\/p>\n","protected":false},"author":4,"featured_media":29675,"comment_status":"closed","ping_status":"closed","sticky":false,"template":"","format":"standard","meta":[],"categories":[3822,8,9],"tags":[6539,459,393,271],"_links":{"self":[{"href":"https:\/\/bisbalpenedes.com\/web\/wp-json\/wp\/v2\/posts\/29674"}],"collection":[{"href":"https:\/\/bisbalpenedes.com\/web\/wp-json\/wp\/v2\/posts"}],"about":[{"href":"https:\/\/bisbalpenedes.com\/web\/wp-json\/wp\/v2\/types\/post"}],"author":[{"embeddable":true,"href":"https:\/\/bisbalpenedes.com\/web\/wp-json\/wp\/v2\/users\/4"}],"replies":[{"embeddable":true,"href":"https:\/\/bisbalpenedes.com\/web\/wp-json\/wp\/v2\/comments?post=29674"}],"version-history":[{"count":1,"href":"https:\/\/bisbalpenedes.com\/web\/wp-json\/wp\/v2\/posts\/29674\/revisions"}],"predecessor-version":[{"id":29676,"href":"https:\/\/bisbalpenedes.com\/web\/wp-json\/wp\/v2\/posts\/29674\/revisions\/29676"}],"wp:featuredmedia":[{"embeddable":true,"href":"https:\/\/bisbalpenedes.com\/web\/wp-json\/wp\/v2\/media\/29675"}],"wp:attachment":[{"href":"https:\/\/bisbalpenedes.com\/web\/wp-json\/wp\/v2\/media?parent=29674"}],"wp:term":[{"taxonomy":"category","embeddable":true,"href":"https:\/\/bisbalpenedes.com\/web\/wp-json\/wp\/v2\/categories?post=29674"},{"taxonomy":"post_tag","embeddable":true,"href":"https:\/\/bisbalpenedes.com\/web\/wp-json\/wp\/v2\/tags?post=29674"}],"curies":[{"name":"wp","href":"https:\/\/api.w.org\/{rel}","templated":true}]}}