{"id":29666,"date":"2024-03-28T10:55:25","date_gmt":"2024-03-28T08:55:25","guid":{"rendered":"https:\/\/bisbalpenedes.com\/web\/?p=29666"},"modified":"2024-03-28T10:55:25","modified_gmt":"2024-03-28T08:55:25","slug":"el-passat-divendres-22-de-marc-lesprint-intermig-de-la-volta-ciclista-a-catalunya-va-passar-per-la-bisbal-del-penedes%ef%bf%bc","status":"publish","type":"post","link":"https:\/\/bisbalpenedes.com\/web\/2024\/03\/28\/el-passat-divendres-22-de-marc-lesprint-intermig-de-la-volta-ciclista-a-catalunya-va-passar-per-la-bisbal-del-penedes%ef%bf%bc\/","title":{"rendered":"El passat divendres 22 de mar\u00e7 l\u2019esprint intermig de la Volta ciclista a Catalunya va passar per la Bisbal del Pened\u00e8s\ufffc"},"content":{"rendered":"\n<p>El passat divendres 22 de mar\u00e7, l\u2019esprint intermig de la 103 edici\u00f3 de la Volta ciclista a Catalunya va passar per la Bisbal del Pened\u00e8s. Fa dos anys, la volta ja va passar pel municipi, on hi ha molta afici\u00f3 per la bicicleta i per seguir aquest esdeveniment esportiu.<\/p>\n\n\n\n<p>Abans que passessin els corredors, l\u2019alcaldessa Agn\u00e8s Ferr\u00e9 i el regidor d\u2019Esports, Joan Gimeno, van rebre el president de la Volta Ciclista, Ruben Peris, que els va lliurar un quadre commemoratiu de la 103a edici\u00f3 de la Volta.<\/p>\n\n\n\n<p>Val a dir que els ciclistes van passar per la Bisbal del Pened\u00e8s vint minuts abans de l\u2019hora anunciada, ja que el vent els bufava a favor, la qual cosa va fer que poguessin avan\u00e7ar a m\u00e9s velocitat.<\/p>\n\n\n\n<figure class=\"wp-block-image size-large\"><img loading=\"lazy\" width=\"1024\" height=\"768\" src=\"https:\/\/bisbalpenedes.com\/web\/wp-content\/uploads\/2024\/03\/2024-03-22-14.37.17-1024x768.jpg\" alt=\"\" class=\"wp-image-29668\" srcset=\"https:\/\/bisbalpenedes.com\/web\/wp-content\/uploads\/2024\/03\/2024-03-22-14.37.17-1024x768.jpg 1024w, https:\/\/bisbalpenedes.com\/web\/wp-content\/uploads\/2024\/03\/2024-03-22-14.37.17-300x225.jpg 300w, https:\/\/bisbalpenedes.com\/web\/wp-content\/uploads\/2024\/03\/2024-03-22-14.37.17-768x576.jpg 768w, https:\/\/bisbalpenedes.com\/web\/wp-content\/uploads\/2024\/03\/2024-03-22-14.37.17-1536x1152.jpg 1536w, https:\/\/bisbalpenedes.com\/web\/wp-content\/uploads\/2024\/03\/2024-03-22-14.37.17-2048x1536.jpg 2048w, https:\/\/bisbalpenedes.com\/web\/wp-content\/uploads\/2024\/03\/2024-03-22-14.37.17-600x450.jpg 600w\" sizes=\"(max-width: 1024px) 100vw, 1024px\" \/><\/figure>\n\n\n\n<figure class=\"wp-block-image size-large\"><img loading=\"lazy\" width=\"1024\" height=\"768\" src=\"https:\/\/bisbalpenedes.com\/web\/wp-content\/uploads\/2024\/03\/2024-03-22-14.37.15-1024x768.jpg\" alt=\"\" class=\"wp-image-29669\" srcset=\"https:\/\/bisbalpenedes.com\/web\/wp-content\/uploads\/2024\/03\/2024-03-22-14.37.15-1024x768.jpg 1024w, https:\/\/bisbalpenedes.com\/web\/wp-content\/uploads\/2024\/03\/2024-03-22-14.37.15-300x225.jpg 300w, https:\/\/bisbalpenedes.com\/web\/wp-content\/uploads\/2024\/03\/2024-03-22-14.37.15-768x576.jpg 768w, https:\/\/bisbalpenedes.com\/web\/wp-content\/uploads\/2024\/03\/2024-03-22-14.37.15-1536x1152.jpg 1536w, https:\/\/bisbalpenedes.com\/web\/wp-content\/uploads\/2024\/03\/2024-03-22-14.37.15-2048x1536.jpg 2048w, https:\/\/bisbalpenedes.com\/web\/wp-content\/uploads\/2024\/03\/2024-03-22-14.37.15-600x450.jpg 600w\" sizes=\"(max-width: 1024px) 100vw, 1024px\" \/><\/figure>\n\n\n\n<figure class=\"wp-block-image size-large\"><img loading=\"lazy\" width=\"1024\" height=\"768\" src=\"https:\/\/bisbalpenedes.com\/web\/wp-content\/uploads\/2024\/03\/2024-03-22-14.37.17-1-1024x768.jpg\" alt=\"\" class=\"wp-image-29671\" srcset=\"https:\/\/bisbalpenedes.com\/web\/wp-content\/uploads\/2024\/03\/2024-03-22-14.37.17-1-1024x768.jpg 1024w, https:\/\/bisbalpenedes.com\/web\/wp-content\/uploads\/2024\/03\/2024-03-22-14.37.17-1-300x225.jpg 300w, https:\/\/bisbalpenedes.com\/web\/wp-content\/uploads\/2024\/03\/2024-03-22-14.37.17-1-768x576.jpg 768w, https:\/\/bisbalpenedes.com\/web\/wp-content\/uploads\/2024\/03\/2024-03-22-14.37.17-1-1536x1152.jpg 1536w, https:\/\/bisbalpenedes.com\/web\/wp-content\/uploads\/2024\/03\/2024-03-22-14.37.17-1-2048x1536.jpg 2048w, https:\/\/bisbalpenedes.com\/web\/wp-content\/uploads\/2024\/03\/2024-03-22-14.37.17-1-600x450.jpg 600w\" sizes=\"(max-width: 1024px) 100vw, 1024px\" \/><\/figure>\n\n\n\n<figure class=\"wp-block-image size-large\"><img loading=\"lazy\" width=\"1024\" height=\"768\" src=\"https:\/\/bisbalpenedes.com\/web\/wp-content\/uploads\/2024\/03\/2024-03-22-14.27.03-1024x768.jpg\" alt=\"\" class=\"wp-image-29670\" srcset=\"https:\/\/bisbalpenedes.com\/web\/wp-content\/uploads\/2024\/03\/2024-03-22-14.27.03-1024x768.jpg 1024w, https:\/\/bisbalpenedes.com\/web\/wp-content\/uploads\/2024\/03\/2024-03-22-14.27.03-300x225.jpg 300w, https:\/\/bisbalpenedes.com\/web\/wp-content\/uploads\/2024\/03\/2024-03-22-14.27.03-768x576.jpg 768w, https:\/\/bisbalpenedes.com\/web\/wp-content\/uploads\/2024\/03\/2024-03-22-14.27.03-1536x1152.jpg 1536w, https:\/\/bisbalpenedes.com\/web\/wp-content\/uploads\/2024\/03\/2024-03-22-14.27.03-2048x1536.jpg 2048w, https:\/\/bisbalpenedes.com\/web\/wp-content\/uploads\/2024\/03\/2024-03-22-14.27.03-600x450.jpg 600w\" sizes=\"(max-width: 1024px) 100vw, 1024px\" \/><\/figure>\n\n\n\n<hr class=\"wp-block-separator has-alpha-channel-opacity\"\/>\n\n\n\n<p><strong>CASTELLANO |<\/strong> El pasado viernes 22 de marzo, el esprint intermedio de la 103\u00aa edici\u00f3n de la Volta ciclista a Catalunya pas\u00f3 por la Bisbal del Pened\u00e8s. Hace dos a\u00f1os, la vuelta ya pas\u00f3 por el municipio, donde hay mucha afici\u00f3n por la bicicleta y por seguir este evento deportivo.<\/p>\n\n\n\n<p>Antes de que pasasen los corredores, la alcaldesa Agn\u00e8s Ferr\u00e9 y el concejal de Deportes, Joan Gimeno, recibieron al presidente de la Volta Ciclista, Ruben Peris, que les entreg\u00f3 un cuadro conmemorativo de la 103 edici\u00f3n de la Volta.<\/p>\n\n\n\n<p>Cabe decir que los ciclistas pasaron por la Bisbal del Pened\u00e8s veinte minutos antes de la hora anunciada, ya que el viento les soplaba a favor, la cual cosa hizo que pudiesen avanzar a m\u00e1s velocidad.<\/p>\n","protected":false},"excerpt":{"rendered":"<p>El passat divendres 22 de mar\u00e7, l\u2019esprint intermig de la 103 edici\u00f3 de la Volta ciclista a Catalunya va passar per la Bisbal del Pened\u00e8s. Fa dos anys, la volta &hellip; <a href=\"https:\/\/bisbalpenedes.com\/web\/2024\/03\/28\/el-passat-divendres-22-de-marc-lesprint-intermig-de-la-volta-ciclista-a-catalunya-va-passar-per-la-bisbal-del-penedes%ef%bf%bc\/\" class=\"more-link\">Read More<\/a><\/p>\n","protected":false},"author":4,"featured_media":29667,"comment_status":"closed","ping_status":"closed","sticky":false,"template":"","format":"standard","meta":[],"categories":[8],"tags":[],"_links":{"self":[{"href":"https:\/\/bisbalpenedes.com\/web\/wp-json\/wp\/v2\/posts\/29666"}],"collection":[{"href":"https:\/\/bisbalpenedes.com\/web\/wp-json\/wp\/v2\/posts"}],"about":[{"href":"https:\/\/bisbalpenedes.com\/web\/wp-json\/wp\/v2\/types\/post"}],"author":[{"embeddable":true,"href":"https:\/\/bisbalpenedes.com\/web\/wp-json\/wp\/v2\/users\/4"}],"replies":[{"embeddable":true,"href":"https:\/\/bisbalpenedes.com\/web\/wp-json\/wp\/v2\/comments?post=29666"}],"version-history":[{"count":1,"href":"https:\/\/bisbalpenedes.com\/web\/wp-json\/wp\/v2\/posts\/29666\/revisions"}],"predecessor-version":[{"id":29672,"href":"https:\/\/bisbalpenedes.com\/web\/wp-json\/wp\/v2\/posts\/29666\/revisions\/29672"}],"wp:featuredmedia":[{"embeddable":true,"href":"https:\/\/bisbalpenedes.com\/web\/wp-json\/wp\/v2\/media\/29667"}],"wp:attachment":[{"href":"https:\/\/bisbalpenedes.com\/web\/wp-json\/wp\/v2\/media?parent=29666"}],"wp:term":[{"taxonomy":"category","embeddable":true,"href":"https:\/\/bisbalpenedes.com\/web\/wp-json\/wp\/v2\/categories?post=29666"},{"taxonomy":"post_tag","embeddable":true,"href":"https:\/\/bisbalpenedes.com\/web\/wp-json\/wp\/v2\/tags?post=29666"}],"curies":[{"name":"wp","href":"https:\/\/api.w.org\/{rel}","templated":true}]}}