{"id":29660,"date":"2024-03-28T10:19:14","date_gmt":"2024-03-28T08:19:14","guid":{"rendered":"https:\/\/bisbalpenedes.com\/web\/?p=29660"},"modified":"2024-03-28T10:19:38","modified_gmt":"2024-03-28T08:19:38","slug":"el-som-bisbal-ha-estat-present-a-la-2a-fira-de-la-formacio-professional-del-baix-penedes","status":"publish","type":"post","link":"https:\/\/bisbalpenedes.com\/web\/2024\/03\/28\/el-som-bisbal-ha-estat-present-a-la-2a-fira-de-la-formacio-professional-del-baix-penedes\/","title":{"rendered":"El SOM Bisbal ha estat present a la 2a Fira de la Formaci\u00f3 Professional del Baix Pened\u00e8s"},"content":{"rendered":"\n<p>Els dies 20 i 21 de mar\u00e7 es va celebrar la Fira de la Formaci\u00f3 Professional del Baix Pened\u00e8s i el dia 20 de mar\u00e7 va comptar amb la participaci\u00f3 del SOM Bisbal de l\u2019Ajuntament de la Bisbal del Pened\u00e8s, amb la instal\u00b7laci\u00f3 d\u2019un estand per informar sobre formaci\u00f3 i opcions d\u2019ocupaci\u00f3.<\/p>\n\n\n\n<p>La Fira de la Formaci\u00f3 Professional del Baix Pened\u00e8s \u00e9s un projecte sorgit de la cooperaci\u00f3 entre els municipis de la comarca i el Consell Comarcal del Baix Pened\u00e8s en mat\u00e8ria d\u2019ocupaci\u00f3 i desenvolupament econ\u00f2mic. Aquesta va adre\u00e7ada principalment als alumnes que actualment cursen estudis d\u2019ESO i que, aviat, hauran d\u2019orientar la seva continu\u00eftat formativa, encara que es planteja tamb\u00e9 com un aparador d\u2019oportunitats educatives per a joves que, havent finalitzat altres estudis o cicles mitjans, desitgin continuar o ampliar els seus estudis en altres disciplines de la formaci\u00f3 professional.&nbsp; Durant la Fira, es difon l\u2019oferta formativa reglada que s\u2019ofereix als centres d\u2019educaci\u00f3 secund\u00e0ria i tamb\u00e9 la no reglada que s\u2019imparteix des dels serveis d\u2019ocupaci\u00f3 de la comarca.<\/p>\n\n\n\n<p>L\u2019alcaldessa de la Bisbal del Pened\u00e8s, Agn\u00e8s Ferr\u00e9, ha visitat la fira i ha explicat que <em>\u201cles dades posen de manifest que l\u2019FP pot ser la resposta als principals reptes als quals s\u2019enfronta el nostre sistema educatiu, entre els quals trobem l\u2019objectiu de reduir la taxa d\u2019abandonament escolar, incrementar el nivell educatiu dels menys qualificats, donar resposta a les exig\u00e8ncies de la revoluci\u00f3 digital o respondre a la demanda laboral amb una oferta de persones qualificades\u201d.<\/em> De fet, al llarg dels darrers anys s\u2019ha constatat el creixement i protagonisme de l\u2019FP com a opci\u00f3 educativa amb, per exemple, un mili\u00f3 d\u2019alumnes matriculats en el per\u00edode 2021-2022 a l\u2019estat, dels quals 180.000 corresponen a l\u2019\u00e0mbit educatiu de Catalunya, un 42% m\u00e9s que en el curs anterior. El curs <a href=\"mailto:https:\/\/www.educacionyfp.gob.es\/dam\/jcr:27162db1-c2b3-4f9c-a8fa-a17731a561f8\/datos-y-cifras-2023-2024-espanol.pdf\">2022-2023<\/a> la xifra a Catalunya es va situar en un total de 211.881 alumnes matriculats en els diferents estudis de formaci\u00f3 professional. Segons dades del <a href=\"mailto:https:\/\/www.lamoncloa.gob.es\/serviciosdeprensa\/notasprensa\/educacion\/Paginas\/2023\/130923-crece-la-formacion-profesional.aspx\">govern espanyol<\/a>, un total d\u20191,13 milions d\u2019alumnes es van matricular en FP per al curs actual (2023\/2024). Per tot plegat, la batllessa bisbalenca ha explicat que <em>\u201cdes de l\u2019Ajuntament de la Bisbal del Pened\u00e8s treballarem per poder comptar amb el m\u00e0xim d\u2019opcions formatives centrades en la millora dels perfils professionals i la potenciaci\u00f3 de l\u2019ocupaci\u00f3. De fet, en aquesta l\u00ednia, properament posarem en marxa l\u2019Aula Mentor per oferir diferents tipus de cursos a la ciutadania, tant la que est\u00e0 ocupada com la que es troba en situaci\u00f3 d\u2019atur\u201d.<\/em><\/p>\n\n\n\n<figure class=\"wp-block-image size-large\"><img loading=\"lazy\" width=\"768\" height=\"1024\" src=\"https:\/\/bisbalpenedes.com\/web\/wp-content\/uploads\/2024\/03\/2024-03-20-13.37.09-768x1024.jpg\" alt=\"\" class=\"wp-image-29662\" srcset=\"https:\/\/bisbalpenedes.com\/web\/wp-content\/uploads\/2024\/03\/2024-03-20-13.37.09-768x1024.jpg 768w, https:\/\/bisbalpenedes.com\/web\/wp-content\/uploads\/2024\/03\/2024-03-20-13.37.09-225x300.jpg 225w, https:\/\/bisbalpenedes.com\/web\/wp-content\/uploads\/2024\/03\/2024-03-20-13.37.09-1152x1536.jpg 1152w, https:\/\/bisbalpenedes.com\/web\/wp-content\/uploads\/2024\/03\/2024-03-20-13.37.09-1536x2048.jpg 1536w, https:\/\/bisbalpenedes.com\/web\/wp-content\/uploads\/2024\/03\/2024-03-20-13.37.09-600x800.jpg 600w, https:\/\/bisbalpenedes.com\/web\/wp-content\/uploads\/2024\/03\/2024-03-20-13.37.09-scaled.jpg 1920w\" sizes=\"(max-width: 768px) 100vw, 768px\" \/><\/figure>\n\n\n\n<p>Los d\u00edas 20 y 21 de marzo se celebr\u00f3 la Fira de la Formaci\u00f3 Professional del Baix Pened\u00e8s y el d\u00eda 20 de marzo cont\u00f3 con la participaci\u00f3n del SOM Bisbal del Ajuntament de la Bisbal del Pened\u00e8s, con la instalaci\u00f3n de un estand para informar sobre formaci\u00f3n y opciones de ocupaci\u00f3n.<\/p>\n\n\n\n<p>La Fira de la Formaci\u00f3 Professional del Baix Pened\u00e8s es un proyecto surgido de la cooperaci\u00f3n entre los municipios de la comarca y el Consell Comarcal del Baix Pened\u00e8s en materia de ocupaci\u00f3n y desarrollo econ\u00f3mico. Esta va dirigida principalmente a los alumnos que actualmente cursan estudios de ESO y que, pronto, tendr\u00e1n que orientar su continuidad formativa, aunque se plantea tambi\u00e9n como un escaparate de oportunidades educativas para j\u00f3venes que, habiendo finalizado otros estudios o ciclos medios, deseen continuar o ampliar sus estudios en otras disciplinas de la formaci\u00f3n profesional. Durante la Feria, se difunde la oferta formativa reglada que se ofrece en los centros de educaci\u00f3n secundaria y tambi\u00e9n la no reglada que se imparte desde los servicios de ocupaci\u00f3n de la comarca.<\/p>\n\n\n\n<p>La alcaldesa de la Bisbal del Pened\u00e8s, Agn\u00e8s Ferr\u00e9, ha visitado la feria y ha explicado que <em>\u201clos datos ponen de manifiesto que el FP puede ser la respuesta a los principales retos a los cuales se enfrenta nuestro sistema educativo, entre los cuales encontramos el objetivo de reducir la tasa de abandono escolar, incrementar el nivel educativo de los menos calificados, dar respuesta a las exigencias de la revoluci\u00f3n digital o responder a la demanda laboral con una oferta de personas cualificadas\u201d.<\/em> De hecho, a lo largo de los \u00faltimos a\u00f1os se ha constatado el crecimiento y protagonismo de la FP como opci\u00f3n educativa con, por ejemplo, un mill\u00f3n de alumnos matriculados en el periodo 2021-2022 en el estado, de los cuales 180.000 corresponden al \u00e1mbito educativo de Catalunya, un 42% m\u00e1s que en el curso anterior. El curso <a href=\"mailto:https:\/\/www.educacionyfp.gob.es\/dam\/jcr:27162db1-c2b3-4f9c-a8fa-a17731a561f8\/datos-y-cifras-2023-2024-espanol.pdf\">2022-2023<\/a> la cifra en Catalunya se situ\u00f3 en un total de 211.881 alumnos matriculados en los diferentes estudios de formaci\u00f3n profesional. Seg\u00fan datos del <a href=\"https:\/\/www.lamoncloa.gob.es\/serviciosdeprensa\/notasprensa\/educacion\/Paginas\/2023\/130923-crece-la-formacion-profesional.aspx\">gobierno espa\u00f1ol<\/a>, un total de 1,13 millones de alumnos se matricularon en FP para el curso actual (2023\/2024). Por todo ello, la alcaldesa bisbalenca ha explicado que \u201c<em>desde el Ajuntament de la Bisbal del Pened\u00e8s trabajaremos para poder contar con el m\u00e1ximo de opciones formativas centradas en la mejora de los perfiles profesionales y la potenciaci\u00f3n de la ocupaci\u00f3n. De hecho, en esta l\u00ednea, pr\u00f3ximamente pondremos en marcha el Aula Mentor para ofrecer distintos tipos de cursos a la ciudadan\u00eda, tanto la que est\u00e1 ocupada como la que se encuentra en situaci\u00f3n de paro\u201d.<\/em><\/p>\n","protected":false},"excerpt":{"rendered":"<p>Els dies 20 i 21 de mar\u00e7 es va celebrar la Fira de la Formaci\u00f3 Professional del Baix Pened\u00e8s i el dia 20 de mar\u00e7 va comptar amb la participaci\u00f3 &hellip; <a href=\"https:\/\/bisbalpenedes.com\/web\/2024\/03\/28\/el-som-bisbal-ha-estat-present-a-la-2a-fira-de-la-formacio-professional-del-baix-penedes\/\" class=\"more-link\">Read More<\/a><\/p>\n","protected":false},"author":4,"featured_media":29661,"comment_status":"closed","ping_status":"closed","sticky":false,"template":"","format":"standard","meta":[],"categories":[8,9],"tags":[6550,5105,393,1374,271],"_links":{"self":[{"href":"https:\/\/bisbalpenedes.com\/web\/wp-json\/wp\/v2\/posts\/29660"}],"collection":[{"href":"https:\/\/bisbalpenedes.com\/web\/wp-json\/wp\/v2\/posts"}],"about":[{"href":"https:\/\/bisbalpenedes.com\/web\/wp-json\/wp\/v2\/types\/post"}],"author":[{"embeddable":true,"href":"https:\/\/bisbalpenedes.com\/web\/wp-json\/wp\/v2\/users\/4"}],"replies":[{"embeddable":true,"href":"https:\/\/bisbalpenedes.com\/web\/wp-json\/wp\/v2\/comments?post=29660"}],"version-history":[{"count":2,"href":"https:\/\/bisbalpenedes.com\/web\/wp-json\/wp\/v2\/posts\/29660\/revisions"}],"predecessor-version":[{"id":29664,"href":"https:\/\/bisbalpenedes.com\/web\/wp-json\/wp\/v2\/posts\/29660\/revisions\/29664"}],"wp:featuredmedia":[{"embeddable":true,"href":"https:\/\/bisbalpenedes.com\/web\/wp-json\/wp\/v2\/media\/29661"}],"wp:attachment":[{"href":"https:\/\/bisbalpenedes.com\/web\/wp-json\/wp\/v2\/media?parent=29660"}],"wp:term":[{"taxonomy":"category","embeddable":true,"href":"https:\/\/bisbalpenedes.com\/web\/wp-json\/wp\/v2\/categories?post=29660"},{"taxonomy":"post_tag","embeddable":true,"href":"https:\/\/bisbalpenedes.com\/web\/wp-json\/wp\/v2\/tags?post=29660"}],"curies":[{"name":"wp","href":"https:\/\/api.w.org\/{rel}","templated":true}]}}