{"id":29644,"date":"2024-03-28T08:03:12","date_gmt":"2024-03-28T06:03:12","guid":{"rendered":"https:\/\/bisbalpenedes.com\/web\/?p=29644"},"modified":"2024-03-28T08:03:12","modified_gmt":"2024-03-28T06:03:12","slug":"teatre-per-pasqua-diumenge-31-de-marc-a-les-19h-a-la-societat","status":"publish","type":"post","link":"https:\/\/bisbalpenedes.com\/web\/2024\/03\/28\/teatre-per-pasqua-diumenge-31-de-marc-a-les-19h-a-la-societat\/","title":{"rendered":"Teatre per Pasqua: Diumenge 31 de mar\u00e7 a les 19h a la Societat"},"content":{"rendered":"\n<p>El proper diumenge, a les 19h, l&#8217;elenc teatral de la Societat Cultural i Recreativa Bisbalenca ens oferir\u00e0 un espectacle de m\u00fasica i lletra amb la participaci\u00f3 de Xavi i Laura Garcia.<\/p>\n\n\n\n<p>L&#8217;acte se centrar\u00e0 en la figura del dramaturg \u00c0ngel Guimer\u00e0, amb motiu de la celebraci\u00f3 de l&#8217;any del vendrellenc, en qu\u00e8 commemora el centenari de la seva mort.<\/p>\n\n\n\n<hr class=\"wp-block-separator has-alpha-channel-opacity\"\/>\n\n\n\n<p><strong>CASTELLANO |\u00a0<\/strong>El pr\u00f3ximo domingo, a las 19h, el elenco teatral de la Societat Cultural i Recreativa Bisbalenca nos ofrecer\u00e1 un espect\u00e1culo de m\u00fasica y letra con la participaci\u00f3n de Xavi y Laura Garcia.<\/p>\n\n\n\n<p>El acto se centrar\u00e1 en la figura del dramaturgo \u00c0ngel Guimer\u00e0, con motivo de la celebraci\u00f3n del a\u00f1o del vendrellenc, en el que se conmemora el centenario de su muerte.<\/p>\n","protected":false},"excerpt":{"rendered":"<p>El proper diumenge, a les 19h, l&#8217;elenc teatral de la Societat Cultural i Recreativa Bisbalenca ens oferir\u00e0 un espectacle de m\u00fasica i lletra amb la participaci\u00f3 de Xavi i Laura &hellip; <a href=\"https:\/\/bisbalpenedes.com\/web\/2024\/03\/28\/teatre-per-pasqua-diumenge-31-de-marc-a-les-19h-a-la-societat\/\" class=\"more-link\">Read More<\/a><\/p>\n","protected":false},"author":4,"featured_media":29645,"comment_status":"closed","ping_status":"closed","sticky":false,"template":"","format":"standard","meta":[],"categories":[2942,13,20,8],"tags":[459,225,351,393,1374,285,2937],"_links":{"self":[{"href":"https:\/\/bisbalpenedes.com\/web\/wp-json\/wp\/v2\/posts\/29644"}],"collection":[{"href":"https:\/\/bisbalpenedes.com\/web\/wp-json\/wp\/v2\/posts"}],"about":[{"href":"https:\/\/bisbalpenedes.com\/web\/wp-json\/wp\/v2\/types\/post"}],"author":[{"embeddable":true,"href":"https:\/\/bisbalpenedes.com\/web\/wp-json\/wp\/v2\/users\/4"}],"replies":[{"embeddable":true,"href":"https:\/\/bisbalpenedes.com\/web\/wp-json\/wp\/v2\/comments?post=29644"}],"version-history":[{"count":1,"href":"https:\/\/bisbalpenedes.com\/web\/wp-json\/wp\/v2\/posts\/29644\/revisions"}],"predecessor-version":[{"id":29646,"href":"https:\/\/bisbalpenedes.com\/web\/wp-json\/wp\/v2\/posts\/29644\/revisions\/29646"}],"wp:featuredmedia":[{"embeddable":true,"href":"https:\/\/bisbalpenedes.com\/web\/wp-json\/wp\/v2\/media\/29645"}],"wp:attachment":[{"href":"https:\/\/bisbalpenedes.com\/web\/wp-json\/wp\/v2\/media?parent=29644"}],"wp:term":[{"taxonomy":"category","embeddable":true,"href":"https:\/\/bisbalpenedes.com\/web\/wp-json\/wp\/v2\/categories?post=29644"},{"taxonomy":"post_tag","embeddable":true,"href":"https:\/\/bisbalpenedes.com\/web\/wp-json\/wp\/v2\/tags?post=29644"}],"curies":[{"name":"wp","href":"https:\/\/api.w.org\/{rel}","templated":true}]}}