{"id":29636,"date":"2024-03-22T01:25:52","date_gmt":"2024-03-21T23:25:52","guid":{"rendered":"https:\/\/bisbalpenedes.com\/web\/?p=29636"},"modified":"2024-03-22T01:32:51","modified_gmt":"2024-03-21T23:32:51","slug":"inici-2-dabril-curs-100-subvencionat-per-a-persones-aturades-dentre-45-i-60-anys-polimantenidor-a-despais-publics","status":"publish","type":"post","link":"https:\/\/bisbalpenedes.com\/web\/2024\/03\/22\/inici-2-dabril-curs-100-subvencionat-per-a-persones-aturades-dentre-45-i-60-anys-polimantenidor-a-despais-publics\/","title":{"rendered":"Inici 2 d&#8217;abril: Curs 100% subvencionat per a persones aturades d\u2019entre 45 i 60 anys -> polimantenidor\/a d\u2019espais p\u00fablics"},"content":{"rendered":"\n<p>Nou curs 100% subvencionat de polimantenidor\/a d\u2019espais p\u00fablics.<\/p>\n\n\n\n<p>Adre\u00e7at a persones en situaci\u00f3 d\u2019atur o inactivitat laboral d\u2019entre 45 i 60 anys.<\/p>\n\n\n\n<p>Durada: 330 hores<\/p>\n\n\n\n<p>Inici del curs: 2 d&#8217;abril<\/p>\n\n\n\n<p>Inscripcions:&nbsp;<a href=\"https:\/\/bisbalpenedes.com\/web\/formacio\/?idFormacio=78\">https:\/\/bisbalpenedes.com\/web\/formacio\/?idFormacio=78<\/a><\/p>\n\n\n\n<p>Tens dubtes o alguna consulta? Contacta amb el SOM Bisbal!<br>Tel: 977 68 84 38 \/ Extensi\u00f3 5<br>c\/e:&nbsp;<a href=\"mailto:ocupacio@bisbalpenedes.com\" target=\"_blank\" rel=\"noreferrer noopener\">ocupacio@bisbalpenedes.com<\/a><\/p>\n\n\n\n<hr class=\"wp-block-separator has-alpha-channel-opacity\"\/>\n\n\n\n<p><strong>CASTELLANO |<\/strong>&nbsp;Nuevo curso 100% subvencionado de polimantenedor\/a de espacios p\u00fablicos<\/p>\n\n\n\n<p>Dirigido a personas en situaci\u00f3n de paro o inactividad laboral de entre 45 y 60 a\u00f1os.<\/p>\n\n\n\n<p>Duraci\u00f3n: 330 horas<\/p>\n\n\n\n<p>Inicio del curso: 2 de abril<\/p>\n\n\n\n<p>Inscripciones:&nbsp;<a href=\"https:\/\/bisbalpenedes.com\/web\/formacio\/?idFormacio=78\">https:\/\/bisbalpenedes.com\/web\/formacio\/?idFormacio=78<\/a><\/p>\n\n\n\n<p>\u00bfTienes dudas o alguna consulta? \u00a1Contacta con el SOM Bisbal!<br>Tel: 977 68 84 38 \/ Extensi\u00f3n 5<br>c\/e:&nbsp;<a href=\"mailto:ocupacio@bisbalpenedes.com\" target=\"_blank\" rel=\"noreferrer noopener\">ocupacio@bisbalpenedes.com<\/a><\/p>\n","protected":false},"excerpt":{"rendered":"<p>Nou curs 100% subvencionat de polimantenidor\/a d\u2019espais p\u00fablics. Adre\u00e7at a persones en situaci\u00f3 d\u2019atur o inactivitat laboral d\u2019entre 45 i 60 anys. Durada: 330 hores Inici del curs: 2 d&#8217;abril &hellip; <a href=\"https:\/\/bisbalpenedes.com\/web\/2024\/03\/22\/inici-2-dabril-curs-100-subvencionat-per-a-persones-aturades-dentre-45-i-60-anys-polimantenidor-a-despais-publics\/\" class=\"more-link\">Read More<\/a><\/p>\n","protected":false},"author":4,"featured_media":29637,"comment_status":"closed","ping_status":"closed","sticky":false,"template":"","format":"standard","meta":[],"categories":[8,9],"tags":[459,4127,12,393,1374,6510],"_links":{"self":[{"href":"https:\/\/bisbalpenedes.com\/web\/wp-json\/wp\/v2\/posts\/29636"}],"collection":[{"href":"https:\/\/bisbalpenedes.com\/web\/wp-json\/wp\/v2\/posts"}],"about":[{"href":"https:\/\/bisbalpenedes.com\/web\/wp-json\/wp\/v2\/types\/post"}],"author":[{"embeddable":true,"href":"https:\/\/bisbalpenedes.com\/web\/wp-json\/wp\/v2\/users\/4"}],"replies":[{"embeddable":true,"href":"https:\/\/bisbalpenedes.com\/web\/wp-json\/wp\/v2\/comments?post=29636"}],"version-history":[{"count":3,"href":"https:\/\/bisbalpenedes.com\/web\/wp-json\/wp\/v2\/posts\/29636\/revisions"}],"predecessor-version":[{"id":29640,"href":"https:\/\/bisbalpenedes.com\/web\/wp-json\/wp\/v2\/posts\/29636\/revisions\/29640"}],"wp:featuredmedia":[{"embeddable":true,"href":"https:\/\/bisbalpenedes.com\/web\/wp-json\/wp\/v2\/media\/29637"}],"wp:attachment":[{"href":"https:\/\/bisbalpenedes.com\/web\/wp-json\/wp\/v2\/media?parent=29636"}],"wp:term":[{"taxonomy":"category","embeddable":true,"href":"https:\/\/bisbalpenedes.com\/web\/wp-json\/wp\/v2\/categories?post=29636"},{"taxonomy":"post_tag","embeddable":true,"href":"https:\/\/bisbalpenedes.com\/web\/wp-json\/wp\/v2\/tags?post=29636"}],"curies":[{"name":"wp","href":"https:\/\/api.w.org\/{rel}","templated":true}]}}