{"id":29615,"date":"2024-03-22T03:00:00","date_gmt":"2024-03-22T01:00:00","guid":{"rendered":"https:\/\/bisbalpenedes.com\/web\/?p=29615"},"modified":"2024-03-21T15:03:06","modified_gmt":"2024-03-21T13:03:06","slug":"avui-es-el-dia-mundial-de-laigua-i-la-facana-de-lajuntament-silluminara-de-color-blau-al-vespre","status":"publish","type":"post","link":"https:\/\/bisbalpenedes.com\/web\/2024\/03\/22\/avui-es-el-dia-mundial-de-laigua-i-la-facana-de-lajuntament-silluminara-de-color-blau-al-vespre\/","title":{"rendered":"Avui \u00e9s el Dia Mundial de l&#8217;aigua i la fa\u00e7ana de l&#8217;Ajuntament s&#8217;il\u00b7luminar\u00e0 de color blau al vespre"},"content":{"rendered":"\n<p>Avui divendres 22 de mar\u00e7, al vespre, la fa\u00e7ana de l&#8217;Ajuntament s&#8217;il\u00b7luminar\u00e0 de color blau amb motiu del Dia Mundial de l&#8217;aigua.<\/p>\n\n\n\n<p>Enguany, el tema del Dia Mundial de l&#8217;Aigua \u00e9s &#8216;Aigua per a la pau&#8217;, ja que l&#8217;aigua pot crear pau o desencadenar conflictes. Podeu llegir-ne m\u00e9s, aqu\u00ed: <a href=\"https:\/\/www.un.org\/es\/observances\/water-day\" target=\"_blank\" rel=\"noreferrer noopener\">https:\/\/www.un.org\/es\/observances\/water-day<\/a><a href=\"https:\/\/www.un.org\/es\/observances\/water-day\" target=\"_blank\" rel=\"noreferrer noopener\"><\/a><\/p>\n\n\n\n<p>En l&#8217;actualitat, estem en un moment cr\u00edtic perqu\u00e8 hi ha molta sequera i manca de pluges. Les jornades com la del Dia de l&#8217;Aigua han de servir per crear consci\u00e8ncia sobre la import\u00e0ncia de l&#8217;estalvi i la reutilitzaci\u00f3 de l&#8217;aigua, amb l&#8217;objectiu de preservar aquest b\u00e9 esc\u00e0s.<\/p>\n\n\n\n<hr class=\"wp-block-separator has-alpha-channel-opacity\"\/>\n\n\n\n<p><strong>CASTELLANO | <\/strong>Hoy viernes 22 de marzo, al anochecer, la fachada del Ayuntamiento se iluminar\u00e1 de color azul con motivo del D\u00eda Mundial del agua.<\/p>\n\n\n\n<p>Este a\u00f1o, el tema del D\u00eda Mundial del Agua es &#8216;Agua para la paz&#8217;, ya que el agua puede crear paz o desencadenar conflictos. Pod\u00e9is leer m\u00e1s, aqu\u00ed: <a href=\"https:\/\/www.un.org\/es\/observances\/water-day\" target=\"_blank\" rel=\"noreferrer noopener\">https:\/\/www.un.org\/es\/observances\/water-day<\/a><a href=\"https:\/\/www.un.org\/es\/observances\/water-day\" target=\"_blank\" rel=\"noreferrer noopener\"><\/a><\/p>\n\n\n\n<p>En la actualidad, estamos en un momento cr\u00edtico porque hay mucha sequ\u00eda y falta de lluvias. Las jornadas como la del D\u00eda del Agua tienen que servir para crear conciencia sobre la importancia del ahorro y la reutilizaci\u00f3n del agua, con el objetivo de preservar este bien escaso.<\/p>\n","protected":false},"excerpt":{"rendered":"<p>Avui divendres 22 de mar\u00e7, al vespre, la fa\u00e7ana de l&#8217;Ajuntament s&#8217;il\u00b7luminar\u00e0 de color blau amb motiu del Dia Mundial de l&#8217;aigua. Enguany, el tema del Dia Mundial de l&#8217;Aigua &hellip; <a href=\"https:\/\/bisbalpenedes.com\/web\/2024\/03\/22\/avui-es-el-dia-mundial-de-laigua-i-la-facana-de-lajuntament-silluminara-de-color-blau-al-vespre\/\" class=\"more-link\">Read More<\/a><\/p>\n","protected":false},"author":4,"featured_media":29616,"comment_status":"closed","ping_status":"closed","sticky":false,"template":"","format":"standard","meta":[],"categories":[2402,8],"tags":[],"_links":{"self":[{"href":"https:\/\/bisbalpenedes.com\/web\/wp-json\/wp\/v2\/posts\/29615"}],"collection":[{"href":"https:\/\/bisbalpenedes.com\/web\/wp-json\/wp\/v2\/posts"}],"about":[{"href":"https:\/\/bisbalpenedes.com\/web\/wp-json\/wp\/v2\/types\/post"}],"author":[{"embeddable":true,"href":"https:\/\/bisbalpenedes.com\/web\/wp-json\/wp\/v2\/users\/4"}],"replies":[{"embeddable":true,"href":"https:\/\/bisbalpenedes.com\/web\/wp-json\/wp\/v2\/comments?post=29615"}],"version-history":[{"count":1,"href":"https:\/\/bisbalpenedes.com\/web\/wp-json\/wp\/v2\/posts\/29615\/revisions"}],"predecessor-version":[{"id":29617,"href":"https:\/\/bisbalpenedes.com\/web\/wp-json\/wp\/v2\/posts\/29615\/revisions\/29617"}],"wp:featuredmedia":[{"embeddable":true,"href":"https:\/\/bisbalpenedes.com\/web\/wp-json\/wp\/v2\/media\/29616"}],"wp:attachment":[{"href":"https:\/\/bisbalpenedes.com\/web\/wp-json\/wp\/v2\/media?parent=29615"}],"wp:term":[{"taxonomy":"category","embeddable":true,"href":"https:\/\/bisbalpenedes.com\/web\/wp-json\/wp\/v2\/categories?post=29615"},{"taxonomy":"post_tag","embeddable":true,"href":"https:\/\/bisbalpenedes.com\/web\/wp-json\/wp\/v2\/tags?post=29615"}],"curies":[{"name":"wp","href":"https:\/\/api.w.org\/{rel}","templated":true}]}}