{"id":29608,"date":"2024-03-21T14:36:50","date_gmt":"2024-03-21T12:36:50","guid":{"rendered":"https:\/\/bisbalpenedes.com\/web\/?p=29608"},"modified":"2024-03-21T14:36:50","modified_gmt":"2024-03-21T12:36:50","slug":"la-tenica-del-som-bisbal-participa-en-una-formacio-per-als-tecnics-docupacio-del-baix-penedes-sobre-el-programa-treball-a-les-comarques","status":"publish","type":"post","link":"https:\/\/bisbalpenedes.com\/web\/2024\/03\/21\/la-tenica-del-som-bisbal-participa-en-una-formacio-per-als-tecnics-docupacio-del-baix-penedes-sobre-el-programa-treball-a-les-comarques\/","title":{"rendered":"La t\u00e8nica del SOM Bisbal participa en una formaci\u00f3 per als t\u00e8cnics d&#8217;ocupaci\u00f3 del Baix Pened\u00e8s sobre el programa &#8220;Treball a les comarques&#8221;"},"content":{"rendered":"\n<p>Aquest dilluns, diversos t\u00e8cnics d\u2019ocupaci\u00f3 de la comarca -entre ells la t\u00e8cnica de la Bisbal- han fet, a Segur de Calafell, la primera sessi\u00f3 de formaci\u00f3 emmarcada en el programa \u201cTreball a les comarques\u201d, del que forma part l\u2019Ajuntament de la Bisbal del Pened\u00e8s. La formaci\u00f3 ha tingut per objectiu con\u00e8ixer la iniciativa de la cadena de valors com a instrument per millorar la competitivitat empresarial d\u2019un territori, dins de la tasca de prospecci\u00f3 empresarial com a t\u00e8cnics\/ques d\u2019ocupaci\u00f3. El dia 3 d\u2019abril es dur\u00e0 a terme una segona sessi\u00f3 d\u2019aquesta formaci\u00f3.<\/p>\n\n\n\n<hr class=\"wp-block-separator has-alpha-channel-opacity\"\/>\n\n\n\n<p>Este lunes, varios t\u00e9cnicos de ocupaci\u00f3n de la comarca -entre ellos la t\u00e9cnica de la Bisbal- han hecho, en Segur de Calafell, la primera sesi\u00f3n de formaci\u00f3n enmarcada en el programa \u201cTreball a les comarques\u201d, del que forma parte el Ajuntament de la Bisbal del Pened\u00e8s. La formaci\u00f3n ha tenido por objetivo conocer la iniciativa de la cadena de valores como instrumento para mejorar la competitividad empresarial de un territorio, dentro del trabajo de prospecci\u00f3n empresarial como t\u00e9cnicos\/as de ocupaci\u00f3n. El d\u00eda 3 de abril se llevar\u00e1 a cabo una segunda sesi\u00f3n de esta formaci\u00f3n.<\/p>\n","protected":false},"excerpt":{"rendered":"<p>Aquest dilluns, diversos t\u00e8cnics d\u2019ocupaci\u00f3 de la comarca -entre ells la t\u00e8cnica de la Bisbal- han fet, a Segur de Calafell, la primera sessi\u00f3 de formaci\u00f3 emmarcada en el programa &hellip; <a href=\"https:\/\/bisbalpenedes.com\/web\/2024\/03\/21\/la-tenica-del-som-bisbal-participa-en-una-formacio-per-als-tecnics-docupacio-del-baix-penedes-sobre-el-programa-treball-a-les-comarques\/\" class=\"more-link\">Read More<\/a><\/p>\n","protected":false},"author":4,"featured_media":29609,"comment_status":"closed","ping_status":"closed","sticky":false,"template":"","format":"standard","meta":[],"categories":[8,9],"tags":[459,393,1374,271,5797],"_links":{"self":[{"href":"https:\/\/bisbalpenedes.com\/web\/wp-json\/wp\/v2\/posts\/29608"}],"collection":[{"href":"https:\/\/bisbalpenedes.com\/web\/wp-json\/wp\/v2\/posts"}],"about":[{"href":"https:\/\/bisbalpenedes.com\/web\/wp-json\/wp\/v2\/types\/post"}],"author":[{"embeddable":true,"href":"https:\/\/bisbalpenedes.com\/web\/wp-json\/wp\/v2\/users\/4"}],"replies":[{"embeddable":true,"href":"https:\/\/bisbalpenedes.com\/web\/wp-json\/wp\/v2\/comments?post=29608"}],"version-history":[{"count":1,"href":"https:\/\/bisbalpenedes.com\/web\/wp-json\/wp\/v2\/posts\/29608\/revisions"}],"predecessor-version":[{"id":29610,"href":"https:\/\/bisbalpenedes.com\/web\/wp-json\/wp\/v2\/posts\/29608\/revisions\/29610"}],"wp:featuredmedia":[{"embeddable":true,"href":"https:\/\/bisbalpenedes.com\/web\/wp-json\/wp\/v2\/media\/29609"}],"wp:attachment":[{"href":"https:\/\/bisbalpenedes.com\/web\/wp-json\/wp\/v2\/media?parent=29608"}],"wp:term":[{"taxonomy":"category","embeddable":true,"href":"https:\/\/bisbalpenedes.com\/web\/wp-json\/wp\/v2\/categories?post=29608"},{"taxonomy":"post_tag","embeddable":true,"href":"https:\/\/bisbalpenedes.com\/web\/wp-json\/wp\/v2\/tags?post=29608"}],"curies":[{"name":"wp","href":"https:\/\/api.w.org\/{rel}","templated":true}]}}