{"id":29604,"date":"2024-03-21T13:31:48","date_gmt":"2024-03-21T11:31:48","guid":{"rendered":"https:\/\/bisbalpenedes.com\/web\/?p=29604"},"modified":"2024-03-21T13:31:48","modified_gmt":"2024-03-21T11:31:48","slug":"avui-la-facana-de-lajuntament-silluminara-de-color-blau-amb-motiu-del-dia-mundial-de-la-sindrome-de-down","status":"publish","type":"post","link":"https:\/\/bisbalpenedes.com\/web\/2024\/03\/21\/avui-la-facana-de-lajuntament-silluminara-de-color-blau-amb-motiu-del-dia-mundial-de-la-sindrome-de-down\/","title":{"rendered":"Avui la fa\u00e7ana de l&#8217;Ajuntament s&#8217;il\u00b7luminar\u00e0 de color blau amb motiu del Dia Mundial de la S\u00edndrome de Down"},"content":{"rendered":"\n<p>La fa\u00e7ana de la Casa de la Vila s\u2019il\u00b7luminar\u00e0 de color blau avui dijous 21 de mar\u00e7 al vespre, amb motiu del Dia Mundial de la S\u00edndrome de Down.<\/p>\n\n\n\n<p>L\u2019objectiu d\u2019aquesta commemoraci\u00f3 \u00e9s \u201cgenerar m\u00e9s consci\u00e8ncia p\u00fablica sobre la S\u00edndrome de Down i recordar la dignitat inherent, la v\u00e0lua i les valuoses contribucions de les persones amb discapacitat intel\u00b7lectual com a promotores del benestar i de la diversitat de les seves comunitats. A m\u00e9s, es vol ressaltar la import\u00e0ncia de la seva autonomia i independ\u00e8ncia individual, en particular la llibertat per prendre les seves pr\u00f2pies decisions\u201d.<br>Per a m\u00e9s informaci\u00f3 podeu accedir a: <a href=\"https:\/\/www.un.org\/es\/observances\/down-syndrome-day\"><u>https:\/\/www.un.org\/es\/observances\/down-syndrome-day<\/u><\/a><\/p>\n\n\n\n<hr class=\"wp-block-separator has-alpha-channel-opacity\"\/>\n\n\n\n<p><strong>CASTELLANO |<\/strong>&nbsp;La fachada de la Casa de la Vila se iluminar\u00e1 de color azul hoy jueves 21 de marzo, al anochecer, con motivo del D\u00eda Mundial del S\u00edndrome de Down.<\/p>\n\n\n\n<p>El objetivo de esta conmemoraci\u00f3n es \u201cgenerar m\u00e1s consciencia p\u00fablica sobre el S\u00edndrome de Down y recordar la dignidad inherente, el valor y las valiosas contribuciones de las personas con discapacidad intelectual como promotoras del bienestar y de la diversidad en sus comunidades. Adem\u00e1s, se quiere resaltar la importancia de su autonom\u00eda e independencia individual, en particular de su libertad para tomar sus propias decisiones\u201d.<br>Para m\u00e1s informaci\u00f3n pod\u00e9is acceder a: <a href=\"https:\/\/www.un.org\/es\/observances\/down-syndrome-day\"><u>https:\/\/www.un.org\/es\/observances\/down-syndrome-day<\/u><\/a><\/p>\n","protected":false},"excerpt":{"rendered":"<p>La fa\u00e7ana de la Casa de la Vila s\u2019il\u00b7luminar\u00e0 de color blau avui dijous 21 de mar\u00e7 al vespre, amb motiu del Dia Mundial de la S\u00edndrome de Down. L\u2019objectiu &hellip; <a href=\"https:\/\/bisbalpenedes.com\/web\/2024\/03\/21\/avui-la-facana-de-lajuntament-silluminara-de-color-blau-amb-motiu-del-dia-mundial-de-la-sindrome-de-down\/\" class=\"more-link\">Read More<\/a><\/p>\n","protected":false},"author":4,"featured_media":29605,"comment_status":"closed","ping_status":"closed","sticky":false,"template":"","format":"standard","meta":[],"categories":[2402,8,14],"tags":[216,1308,5019,2503],"_links":{"self":[{"href":"https:\/\/bisbalpenedes.com\/web\/wp-json\/wp\/v2\/posts\/29604"}],"collection":[{"href":"https:\/\/bisbalpenedes.com\/web\/wp-json\/wp\/v2\/posts"}],"about":[{"href":"https:\/\/bisbalpenedes.com\/web\/wp-json\/wp\/v2\/types\/post"}],"author":[{"embeddable":true,"href":"https:\/\/bisbalpenedes.com\/web\/wp-json\/wp\/v2\/users\/4"}],"replies":[{"embeddable":true,"href":"https:\/\/bisbalpenedes.com\/web\/wp-json\/wp\/v2\/comments?post=29604"}],"version-history":[{"count":1,"href":"https:\/\/bisbalpenedes.com\/web\/wp-json\/wp\/v2\/posts\/29604\/revisions"}],"predecessor-version":[{"id":29606,"href":"https:\/\/bisbalpenedes.com\/web\/wp-json\/wp\/v2\/posts\/29604\/revisions\/29606"}],"wp:featuredmedia":[{"embeddable":true,"href":"https:\/\/bisbalpenedes.com\/web\/wp-json\/wp\/v2\/media\/29605"}],"wp:attachment":[{"href":"https:\/\/bisbalpenedes.com\/web\/wp-json\/wp\/v2\/media?parent=29604"}],"wp:term":[{"taxonomy":"category","embeddable":true,"href":"https:\/\/bisbalpenedes.com\/web\/wp-json\/wp\/v2\/categories?post=29604"},{"taxonomy":"post_tag","embeddable":true,"href":"https:\/\/bisbalpenedes.com\/web\/wp-json\/wp\/v2\/tags?post=29604"}],"curies":[{"name":"wp","href":"https:\/\/api.w.org\/{rel}","templated":true}]}}